{"id":512,"date":"2016-03-27T15:30:38","date_gmt":"2016-03-27T13:30:38","guid":{"rendered":"http:\/\/www.jvdiana.de\/cm\/?p=512"},"modified":"2019-07-23T01:48:24","modified_gmt":"2019-07-22T23:48:24","slug":"jahreshauptversammlung-2016","status":"publish","type":"post","link":"https:\/\/www.jvdiana.de\/cm\/2016\/03\/27\/jahreshauptversammlung-2016\/","title":{"rendered":"Jahreshauptversammlung 2016"},"content":{"rendered":"<div id=\"attachment_513\" style=\"width: 2218px\" class=\"wp-caption alignnone\"><img loading=\"lazy\" decoding=\"async\" aria-describedby=\"caption-attachment-513\" class=\"size-full wp-image-513\" src=\"http:\/\/www.jvdiana.de\/cm\/wp-content\/uploads\/2019\/07\/2016-03-21_jhv_ehrungen.jpg\" alt=\"von links: 2. Vorsitzende Astrid Schneider-Heil, 1. Vorsitzender Patrick Figge, Hermann-Josef Hohmann, Manfred Gilbert, Albrecht F\u00f6rster, Willi Klee, Wolfgang Glotzbach, Ernst Faust, Albin Wingenfeld, Hans-Luwig Leubecher, Kurt H\u00e4mmelmann, Markus Werner, Karl Georg May, Bernhard Christl, Eckard Emig\" width=\"2208\" height=\"1260\" srcset=\"https:\/\/www.jvdiana.de\/cm\/wp-content\/uploads\/2019\/07\/2016-03-21_jhv_ehrungen.jpg 2208w, https:\/\/www.jvdiana.de\/cm\/wp-content\/uploads\/2019\/07\/2016-03-21_jhv_ehrungen-300x171.jpg 300w, https:\/\/www.jvdiana.de\/cm\/wp-content\/uploads\/2019\/07\/2016-03-21_jhv_ehrungen-768x438.jpg 768w, https:\/\/www.jvdiana.de\/cm\/wp-content\/uploads\/2019\/07\/2016-03-21_jhv_ehrungen-1024x584.jpg 1024w, https:\/\/www.jvdiana.de\/cm\/wp-content\/uploads\/2019\/07\/2016-03-21_jhv_ehrungen-150x86.jpg 150w\" sizes=\"auto, (max-width: 2208px) 100vw, 2208px\" \/><p id=\"caption-attachment-513\" class=\"wp-caption-text\">von links: 2. Vorsitzende Astrid Schneider-Heil, 1. Vorsitzender Patrick Figge, Hermann-Josef Hohmann, Manfred Gilbert, Albrecht F\u00f6rster, Willi Klee, Wolfgang Glotzbach, Ernst Faust, Albin Wingenfeld, Hans-Luwig Leubecher, Kurt H\u00e4mmelmann, Markus Werner, Karl Georg May, Bernhard Christl, Eckard Emig<\/p><\/div>\n<p>Am 21.03.2016 fand in der Gastst\u00e4tte \u201eZum Goldenen Stern\u201c in Gro\u00dfenbach die Jahreshauptversammlung des Jagdvereins Diana H\u00fcnfeld statt. Nachdem das 1. Jagdhornbl\u00e4serkorps unter Leitung von Georg Laibach die Signale \u201cSammeln der J\u00e4ger\u201c, &#8222;Begr\u00fc\u00dfung&#8220; und den \u201eJ\u00e4germarsch\u201c geblasen hatte, begr\u00fc\u00dfte der 1. Vorsitzende, Patrick Figge, neben den Vereinsmitgliedern, den Kreisjagdberater J\u00fcrgen Manns, die Ehrenmitglieder G\u00fcnther Dienst, Alfred L\u00fchn, sowie die Vorsitzenden der Hegeringe. Nach Feststellung der satzungsgem\u00e4\u00dfen Einladung folgte die Ehrung der im letzten Gesch\u00e4ftsjahr bis zur Jahreshauptversammlung verstorbenen Mitglieder. Unter Begleitung des Jagdhornbl\u00e4sercorps mit den Signalen \u201eJagd vorbei\u201c und \u201eHalali&#8220; wurde den Verstorbenen gedacht.<\/p>\n<p>Im Anschluss stellte der 1. Vorsitzende Patrick Figge der Versammlung Johanna Bosold als neue Naturschutzbeauftrage vor. Das Jahr 2015 war laut dem Vorsitzenden gepr\u00e4gt durch den Erlass der neuen Jagdverordnung. Die Anh\u00f6rungsphase startete zeitgleich mit den Sommerferien und war so kaum zu nutzen. Erst nach vielfachen Protesten sei die Anh\u00f6rungsphase verl\u00e4ngert worden. In diesem Rahmen sei dann durch den Landesjagdverband eine Demonstration mit \u00fcber 3.000 Teilnehmern vor der Staatskanzlei in Wiesbaden organisiert worden, zu der \u00fcber 40 Mitglieder des Jagdvereins H\u00fcnfeld mit einem angemieteten Bus anreisten. Auch eine Anh\u00f6rung im Landtag, zu der auf Bestreben der FDP-Fraktion alle Vorsitzenden der hessischen Jagdvereine eingeladen waren, wurde zu diesem Thema durchgef\u00fchrt. Hieran nahm f\u00fcr den Jagdverein Diana H\u00fcnfeld die 2. Vorsitzende Astrid Schneider-Heil teil. Als die Jagdverordnung dann im Dezember ver\u00f6ffentlicht wurde, zeigte sich, dass sie zwar in einigen Punkten ge\u00e4ndert worden war, dies jedoch nicht nur zum Besseren. Die \u00c4u\u00dferung des LJV Hessen, der diese ge\u00e4nderte Jagdverordnung als Erfolg der Bem\u00fchungen der J\u00e4gerschaft bezeichnet, ist auf Ebene der Kreisjagdvereine umstritten und wird kritisch betrachtet. Zu gering waren doch die positiven Ver\u00e4nderungen in der \u00fcberarbeiteten Jagdverordnung. Mit Sorge betrachtet Figge auch die turnusm\u00e4\u00dfig anstehende Verl\u00e4ngerung des hessischen Jagdgesetzes im Jahr 2016. Er f\u00fcrchtet dort weitere ideologisch gepr\u00e4gte Ver\u00e4nderungen, die \u00a0\u00a0nur die weitere Beschneidung von Jagd und Hege zum Ziel haben werden. Gewisse politische Kreise h\u00e4tten offensichtlich die Abschaffung der Jagd hin zum Naturmanagement mit dem J\u00e4ger als Sch\u00e4dlingsbek\u00e4mpfer als Ziel. Diesen Ideologen m\u00fcsse die J\u00e4gerschaft geschlossen und einig mit Fakten und ihrem fundierten Wissen \u00fcber die Natur entgegentreten. Positiv erw\u00e4hnte Figge das vom Verein organisierte Kochevent. Das ausgebuchte Event, gab den anwesenden Teilnehmern einen hervorragenden Einblick, in die moderne K\u00fcche der Wildzubereitung.<\/p>\n<p>Joerg Hartmann, Kassenwart und als Obmann f\u00fcr die Jungj\u00e4gerausbildung zust\u00e4ndig, gab zun\u00e4chst einen \u00dcberblick der Einnahmen und Ausgaben. Weiter berichtete Hartmann \u00fcber die Pr\u00fcfung des Schie\u00dfstandes durch einen Gutachter, sowie die dadurch anstehenden, notwendigen Modernisierungsarbeiten. Im laufenden Jungj\u00e4gerkurs streben 18 Teilnehmer das gr\u00fcne Abitur an. Den Kurs zeichnet bereits jetzt eine gute Gemeinschaft und viel Engagement aus. Die Pr\u00fcfungen werden Ende April \/ Anfang Mai abgelegt. Die neue Jagdverordnung erfordert, das Hartmann zun\u00e4chst selber einen Lehrgang absolvieren muss, damit er im Jagdverein weiter Fangjagdlehrg\u00e4nge durchf\u00fchren darf. Auch mit diesem Lehrgangsangebot hebt sich der Jagdverein von anderen Jagdvereinen in Hessen ab, da diese Lehrg\u00e4nge kaum noch angeboten werden. Daher nehmen die Teilnehmer h\u00e4ufig auch weite Fahrtstrecken in Kauf.<\/p>\n<p>Roland Richter berichtete stellvertretend f\u00fcr Andreas Maul zum Schie\u00dfwesen. Die Qualifikation von 4 Diana Sch\u00fctzen zur Deutschen Meisterschaft in Freiburg, die erfolgreiche Qualifikation der Sch\u00fctzen \u00fcber 2 Bezirksschie\u00dfen zur Landesmeisterschaft, sowie die Top Platzierungen von Werner Enders und Marco Schmitt waren H\u00f6hepunkte im abgelaufenen Jahr. Richter lobte zudem die guten Leistungen der B-Sch\u00fctzen, die bereits \u00fcber 15 Jahre regelm\u00e4\u00dfig gute Platzierungen erzielen. So konnten die B-Sch\u00fctzen im letzten Jahr sowohl die Mannschaftswertung, als auch mit dem leider verstorbenen J\u00fcrgen Bertz die Einzelwertung in der B-Klasse gewinnen. All dies, ohne einen professionellen Schie\u00dftrainer. Richter dankte im Anschluss Manfred Weinmeister, Ulrich Niebergall und Marcus Neuland f\u00fcr die Betreuung des Schie\u00dfstandes, die sehr viel Zeit und Engagement erfordert.<\/p>\n<p>Die Jagdhornbl\u00e4sergruppe unter Leitung von Georg Laibach konnte im Jahr 2015 35 Proben und 11 Auftritte verzeichnen. Aus dem Anf\u00e4ngerkurs mit 7 Teilnehmern konnten 3 Nachwuchsbl\u00e4ser in die Gruppe \u00fcbernommen werden. Die Bl\u00e4sergruppe ist mit Ihren Auftritten Aush\u00e4ngeschild f\u00fcr die \u00f6ffentliche Wahrnehmung des Vereins. Im Abschluss dankte Laibach dem Vorstand f\u00fcr die gute Zusammenarbeit.<\/p>\n<p>Stefan Hohmann &#8211; verantwortlich f\u00fcr das Hundewesen &#8211; berichtete \u00fcber die Zusammenarbeit mit dem Jagdverein Bad Hersfeld, durch diese auf mehr Reviere zur\u00fcckgegriffen werden kann. So konnten bei der letzten Brauchbarkeitspr\u00fcfung 17 Hunde am Lehrgang teilnehmen und auch erfolgreich gepr\u00fcft werden. Weiter gab er die n\u00e4chsten Lehrgangs- und Pr\u00fcfungstermine bekannt und gab den Hinweis, dass die Hundeausbildung tierschutzgerecht erfolgt und ein Schlagen des Hundes absolut nicht erforderlich ist, um Gehorsam zu vermitteln.<\/p>\n<p>Kreisjagdberater J\u00fcrgen Manns richtete einen Appell an die Hundef\u00fchrer hinsichtlich der Aujeszkyschen Krankheit. Mit Aujeszky infizierte Wildschweine sind eine t\u00f6dliche Gefahr f\u00fcr jeden Jagdhund. Das Fatale an dieser Krankheit ist, dass man sie den betroffenen Tieren nicht ansieht. Ausgewachsene Schweine k\u00f6nnen damit als Hauptwirt (Haupttr\u00e4ger) sogar sehr gut leben. Aber wehe, das Virus gelangt zum Endwirt. Die Aujeszkysche Krankheit (AK) endet bei Hunden immer t\u00f6dlich. Der Mensch ist f\u00fcr das Virus jedoch nicht empf\u00e4nglich. Auch Manns skizzierte die Einschnitte der neuen hessischen Jagdverordnung f\u00fcr die J\u00e4gerschaft. J\u00e4ger sind mittlerweile ein Spielball der Politik. Es muss gegen die Unwissenheit in der Gesellschaft angegangen werden, hier hat die J\u00e4gerschaft einen Aufkl\u00e4rungsauftrag. Durch Jagd wird ein erstklassiges Fleisch erzeugt, ganz ohne lange Transportwege, Massentierhaltung und Stress f\u00fcr die Tiere. Jagd soll im Einklang mit Landwirtschaft erfolgen. Im Abschluss seiner Ausf\u00fchrungen w\u00fcnschte Manns der Versammlung viel Sitzfleisch, verst\u00e4ndnisvolle Partner, eine sichere Hand, viel Freude an der Jagd und Waidmannsheil.<\/p>\n<p>Als Gastredner war J\u00fcrgen Lenders geladen. Der jagdpolitische Sprecher der FDP-Fraktion vermutet rein koalitionstaktische, ideologische Erw\u00e4gungen, die die Landesregierung zur neuen Jagdverordnung veranlasst hat. Die Gesamtheit der H\u00fcrden und Einschr\u00e4nkungen, die in der Verordnung verankert sind, f\u00fchren dazu, dass die Privatjagd faktisch abgeschafft wird. Mit den \u00c4nderungen, wie dem erheblichen Eingriff in das Eigentumsrecht orientiert sich Schwarz-Gr\u00fcn nicht l\u00e4nger an sachlichen Argumenten und spricht ein massives Misstrauensvotum gegen Hessens J\u00e4gerschaft aus. Die neue Verordnung ist in der Lage das Gesetz auszuh\u00f6hlen, womit die Landesregierung ihre Kompetenz \u00fcberschreitet. Die FDP beschreitet den Weg der Klage gegen die neue Jagdverordnung.<\/p>\n<p>Die Kasse wurde von den Kassenpr\u00fcfern gepr\u00fcft, ausgeglichen, ohne Beanstandungen.<\/p>\n<p>Bei den anschlie\u00dfenden Neuwahlen wurde der 1. Vorsitzende Patrick Figge sowie die 2. Vorsitzende Astrid Schneider-Heil f\u00fcr eine weitere Amtszeit best\u00e4tigt. Georg K\u00e4smann ist neuer Kassierer, Joerg Hartmann Stellvertreter. Neuer Schriftf\u00fchrer ist Dr. Sebastian K\u00fchn, Helmut Schott Stellvertreter.<\/p>\n<p>Im Anschlu\u00df wurde die Versammlung vom 1. Vorsitzenden Patrick Figge geschlossen.<\/p>\n<p><strong>Ehrungen:<\/strong><\/p>\n<p><strong>F\u00fcr 60 Jahre Mitgliedschaft:<\/strong><\/p>\n<p>Eckard Emig (Burghaun)<br \/>\nHans Orzechowsky (Rasdorf)<br \/>\nAlbin Wingenfeld (H\u00fcnfeld)<\/p>\n<p><strong>F\u00fcr 50 Jahre Mitgliedschaft:<\/strong><\/p>\n<p>Kurt H\u00e4mmelmann (Burghaun)<br \/>\nWilli Klee (Rasdorf)<\/p>\n<p><strong>F\u00fcr 40 Jahre Mitgliedschaft:<\/strong><\/p>\n<p>Paul M\u00f6ller (K\u00fcnzell)<br \/>\nElmar Enders (Neuhof)<br \/>\nErnst Faust (Haunetal)<\/p>\n<p><strong>F\u00fcr 25 Jahre Mitgliedschaft:<\/strong><\/p>\n<p>Uwe Witzel (K\u00fcnzell)<br \/>\nMarkus Werner (Eiterfeld)<br \/>\nTorsten Steiner (H\u00fcnfeld)<br \/>\nBernd K\u00f6rner (Eiterfeld)<br \/>\nJoachim Aha (N\u00fcsttal)<br \/>\nDieter Dudyka (Hofbieber)<br \/>\nErwin B\u00e4uml (H\u00fcnfeld)<br \/>\nTheo Br\u00e4hler (H\u00fcnfeld)<br \/>\nBernhard Christl (H\u00fcnfeld)<br \/>\nPatrick Figge (Burghaun)<br \/>\nAlmuth v. Campenhausen (Haunetal)<\/p>\n<p><strong>DJV Ehrennadel Bronze<\/strong><\/p>\n<p>Hans-Ludwig Leubecher (H\u00fcnfeld)<br \/>\nAlbrecht F\u00f6rster (Rasdorf)<br \/>\nWilli Klee (Rasdorf)<br \/>\nHermann-Josef Hohmann (Eiterfeld)<br \/>\nLudwig Glotzbach (Eiterfeld)<\/p>\n<p><strong>LJV Ehrennadel Silber<\/strong><\/p>\n<p>Joerg Hartmann (Eiterfeld)<\/p>\n<p><strong>LJV Ehrennadel Bronze<\/strong><\/p>\n<p>Manfred Gilbert (Hilders)<br \/>\nWolfgang Glotzbach (H\u00fcnfeld)<br \/>\nKarl-Georg May (Frauensee)<br \/>\nMatthias M\u00f6ller (Neuhof)<br \/>\nStephan M\u00f6ller (Burghaun)<\/p>\n","protected":false},"excerpt":{"rendered":"<p>Am 21.03.2016 fand in der Gastst\u00e4tte \u201eZum Goldenen Stern\u201c in Gro\u00dfenbach die Jahreshauptversammlung des Jagdvereins Diana H\u00fcnfeld statt. Nachdem das 1. Jagdhornbl\u00e4serkorps unter Leitung von Georg Laibach die Signale \u201cSammeln der J\u00e4ger\u201c, &#8222;Begr\u00fc\u00dfung&#8220; und den \u201eJ\u00e4germarsch\u201c geblasen hatte, begr\u00fc\u00dfte der 1. Vorsitzende, Patrick Figge, neben den Vereinsmitgliedern, den Kreisjagdberater J\u00fcrgen&#8230;<\/p>\n<p> <a class=\"continue-reading-link\" href=\"https:\/\/www.jvdiana.de\/cm\/2016\/03\/27\/jahreshauptversammlung-2016\/\"><span>Weiterlesen&#8230;<\/span><i class=\"crycon-right-dir\"><\/i><\/a> <\/p>\n","protected":false},"author":1,"featured_media":0,"comment_status":"closed","ping_status":"open","sticky":false,"template":"","format":"standard","meta":{"footnotes":""},"categories":[1,17],"tags":[],"class_list":["post-512","post","type-post","status-publish","format-standard","hentry","category-allgemein","category-veranstaltungen"],"_links":{"self":[{"href":"https:\/\/www.jvdiana.de\/cm\/wp-json\/wp\/v2\/posts\/512","targetHints":{"allow":["GET"]}}],"collection":[{"href":"https:\/\/www.jvdiana.de\/cm\/wp-json\/wp\/v2\/posts"}],"about":[{"href":"https:\/\/www.jvdiana.de\/cm\/wp-json\/wp\/v2\/types\/post"}],"author":[{"embeddable":true,"href":"https:\/\/www.jvdiana.de\/cm\/wp-json\/wp\/v2\/users\/1"}],"replies":[{"embeddable":true,"href":"https:\/\/www.jvdiana.de\/cm\/wp-json\/wp\/v2\/comments?post=512"}],"version-history":[{"count":1,"href":"https:\/\/www.jvdiana.de\/cm\/wp-json\/wp\/v2\/posts\/512\/revisions"}],"predecessor-version":[{"id":514,"href":"https:\/\/www.jvdiana.de\/cm\/wp-json\/wp\/v2\/posts\/512\/revisions\/514"}],"wp:attachment":[{"href":"https:\/\/www.jvdiana.de\/cm\/wp-json\/wp\/v2\/media?parent=512"}],"wp:term":[{"taxonomy":"category","embeddable":true,"href":"https:\/\/www.jvdiana.de\/cm\/wp-json\/wp\/v2\/categories?post=512"},{"taxonomy":"post_tag","embeddable":true,"href":"https:\/\/www.jvdiana.de\/cm\/wp-json\/wp\/v2\/tags?post=512"}],"curies":[{"name":"wp","href":"https:\/\/api.w.org\/{rel}","templated":true}]}}