{"id":515,"date":"2016-04-13T15:30:27","date_gmt":"2016-04-13T13:30:27","guid":{"rendered":"http:\/\/www.jvdiana.de\/cm\/?p=515"},"modified":"2019-07-23T00:22:10","modified_gmt":"2019-07-22T22:22:10","slug":"fangt-an-hasen-zu-zaehlen","status":"publish","type":"post","link":"https:\/\/www.jvdiana.de\/cm\/2016\/04\/13\/fangt-an-hasen-zu-zaehlen\/","title":{"rendered":"Fangt an Hasen zu z\u00e4hlen!"},"content":{"rendered":"<p>Sehr geehrte Damen und Herren, liebe Vorsitzende der hessischen Jagdvereine,<\/p>\n<p>wie kann ich um diese Jahreszeit bei der hohen Vegetation noch Hasen z\u00e4hlen? Und wenn ich jetzt im Fr\u00fchjahr nicht mehr z\u00e4hlen kann, darf ich im Herbst dann noch Hasen jagen?<br \/>\nLJV-Vizepr\u00e4sident Dr. Nikolaus Bretschneider-Herrmann gab gestern auf einer Informationsveranstaltung f\u00fcr die Vorst\u00e4nde der hessischen Jagdvereine konkrete Antworten:<\/p>\n<div id=\"attachment_518\" style=\"width: 610px\" class=\"wp-caption alignnone\"><img loading=\"lazy\" decoding=\"async\" aria-describedby=\"caption-attachment-518\" class=\"size-full wp-image-518\" src=\"http:\/\/www.jvdiana.de\/cm\/wp-content\/uploads\/2016\/04\/brettschneider.jpg\" alt=\"Dr. Nikolaus Bretschneider-Herrmann\" width=\"600\" height=\"401\" srcset=\"https:\/\/www.jvdiana.de\/cm\/wp-content\/uploads\/2016\/04\/brettschneider.jpg 600w, https:\/\/www.jvdiana.de\/cm\/wp-content\/uploads\/2016\/04\/brettschneider-300x201.jpg 300w, https:\/\/www.jvdiana.de\/cm\/wp-content\/uploads\/2016\/04\/brettschneider-150x100.jpg 150w\" sizes=\"auto, (max-width: 600px) 100vw, 600px\" \/><p id=\"caption-attachment-518\" class=\"wp-caption-text\">Dr. Nikolaus Bretschneider-Herrmann<\/p><\/div>\n<p>Dr. Nikolaus Bretschneider-Herrmann: \u201eDie Hasenbejagung wurde durch die neue Jagdverordnung an die Bestandserfassung gekn\u00fcpft. Dies ist bisher beim Niederwild einmalig in Deutschland und vielen europ\u00e4ischen L\u00e4ndern. Daraus ergeben sich f\u00fcr die J\u00e4gerschaft nicht nur die Pflicht zur Z\u00e4hlung, sondern auch die Chance Hasen weiterhin bejagen zu k\u00f6nnen!\u201c (Foto: Markus Stifter)<br \/>\nFakten:<\/p>\n<p>\u2022\u00a0\u00a0 \u00a0JA, die Hasen k\u00f6nnen und sollen noch bis zum 30. April 2016 gez\u00e4hlt werden!<br \/>\n\u2022\u00a0\u00a0 \u00a0Wenn auf einzelnen Feldfl\u00e4chen die Vegetation bereits zu hoch ist, dann z\u00e4hlen Sie bitte auf anderen Freifl\u00e4chen. Bei der Z\u00e4hlung geht es nur um einen Stichprobenumfang von mindestens 20 % der Feldfl\u00e4che einer Hegegemeinschaft!<br \/>\n\u2022\u00a0\u00a0 \u00a0Die Z\u00e4hlung sollte fr\u00fchestens 2 Stunden nach Sonnenuntergang erfolgen.<br \/>\n\u2022\u00a0\u00a0 \u00a0Fahren Sie am besten zu zweit im Auto und leuchten die noch frei einsehbaren Feldfl\u00e4chen ab.<br \/>\n\u2022\u00a0\u00a0 \u00a0Protokollieren Sie die Fahrtroute in ihrer Revierkarte und notieren die gez\u00e4hlten Hasen mit Datum und Uhrzeit. Vergessen Sie bitte nicht, auch die ggf. beobachteten Beutegreifer, z. B. den Fuchs, ebenfalls in das Protokoll aufzunehmen.<br \/>\n\u2022\u00a0\u00a0 \u00a0F\u00fchren Sie im Abstand von wenigen Tagen eine zweite Z\u00e4hlung durch.<br \/>\n\u2022\u00a0\u00a0 \u00a0Diese Ergebnisse werden dann f\u00fcr die Fr\u00fchjahrsz\u00e4hlung zugrunde gelegt.<\/p>\n<p>Die k\u00fcnftige Bejagungsm\u00f6glichkeit richtet sich am j\u00e4hrlichen Zuwachs aus, wobei genaue Schwellenwerte noch unter Mithilfe des Arbeitskreises Wildbiologie der Justus-Liebig-Universit\u00e4t Gie\u00dfen entwickelt werden. Generell gilt, dass in guten Hasenbiotopen sehr hohe j\u00e4hrliche Zuw\u00e4chse zu erwarten sind, von denen ein entsprechend hoher Anteil jagdlich genutzt werden kann.<br \/>\nHasentaxation \u2013 auch ein unschlagbarer Vorteil f\u00fcr die J\u00e4gerschaft:<\/p>\n<p>\u2022\u00a0\u00a0 \u00a0Wildtiermanagement verbleibt unmissverst\u00e4ndlich in der Hand der J\u00e4gerschaft!<br \/>\n\u2022\u00a0\u00a0 \u00a0Taxation und jagdliche Nutzung als Voraussetzung f\u00fcr jagdpolitische Forderungen der Niederwildhege<br \/>\n\u2022\u00a0\u00a0 \u00a0Pr\u00e4datorenbejagung kommt elementare Bedeutung in der Niederwildhege und beim Bodenbr\u00fcterschutz zu.<\/p>\n<p>Wichtige Hintergrundinformationen \u2013 bisheriger Zeitverlauf:<\/p>\n<p>\u2022\u00a0\u00a0 \u00a021.12.2015: Erster Verweis des HMUKLV per Erlass auf die Jagdverordnung. Der Landesjagdverband Hessen e. V. hat diese Information nach den Winterferien am 14.01.2016 an die Hegegemeinschaften und Jagdvereine weitergeleitet.<br \/>\n\u2022\u00a0\u00a0 \u00a022.01.2016: M\u00fcndliche Vorab-Information durch das Jagdreferat des HMUKLV \u00fcber die dort beabsichtigte weitere Vorgehensweise<br \/>\n\u2022\u00a0\u00a0 \u00a003.03.2016: Besprechung mit dem Jagdbeirat, Verb\u00e4nde und weiteren Vertretern zur Vorgehensweise \u201eHasentaxation\u201c im HMUKLV<br \/>\n\u2022\u00a0\u00a0 \u00a023.03.02016: Der Erlass zur Hasentaxation wurde vom HMUKLV an den LJV Hessen, die Hegegemeinschaften und die Jagdaus\u00fcbungsberechtigten versendet<br \/>\n\u2022\u00a0\u00a0 \u00a024.03.2016: Der Landesjagdverband Hessen leitete den Erlass an die KJV und die Hegemeinschaften weiter<br \/>\n\u2022\u00a0\u00a0 \u00a004.04.2016: Der LJV l\u00e4dt zu Multiplikatorenschulung ein (KJV und Hegegemeinschaften)<br \/>\n\u2022\u00a0\u00a0 \u00a0Am 09.04., 11.04. und 12.04.2016 fanden die ersten Multiplikatorenschulungen in Nord-, Mittel und S\u00fcdhessen statt.<\/p>\n<p>Bitte leiten Sie diese Informationen schnellstm\u00f6glich an Ihre Mitglieder weiter und ver\u00f6ffentlichen Sie diese auf Ihrer Homepage!<br \/>\nWeitere Informationen zur gestrigen Veranstaltung in Frieberg folgen.<br \/>\nZum Urteil des Bundesverwaltungsgerichts zu halbautomatischen Jagdwaffen spricht DJV-Pr\u00e4sident Hartwig Fischer Klartext:<\/p>\n<p>Videointerview bei Youtube: <a href=\"https:\/\/youtu.be\/MShVyrpjrkA\" target=\"_blank\" rel=\"noopener noreferrer\" data-cke-saved-href=\"https:\/\/youtu.be\/MShVyrpjrkA\">https:\/\/youtu.be\/MShVyrpjrkA<\/a><\/p>\n<p>Bei R\u00fcckfragen stehe ich Ihnen gern zur Verf\u00fcgung.<\/p>\n<p>Herzliche Gr\u00fc\u00dfe und Waidmannsheil<\/p>\n<p>Markus Stifter<br \/>\nPressesprecher LJV Hessen e. V.<br \/>\n&#8212;<\/p>\n<p>V. i. S. d. P.: Markus Stifter<\/p>\n<p>Landesjagdverband Hessen e. V.<br \/>\nPressesprecher Markus Stifter<br \/>\nEichendorffstra\u00dfe 27 a<br \/>\n65307 Bad Schwalbach<br \/>\nTelefon: 06124-72794-86<br \/>\nTelefax: 06124-72794-88<br \/>\nE-Mail: markus.stifter@ljv-hessen.de<\/p>\n","protected":false},"excerpt":{"rendered":"<p>Sehr geehrte Damen und Herren, liebe Vorsitzende der hessischen Jagdvereine, wie kann ich um diese Jahreszeit bei der hohen Vegetation noch Hasen z\u00e4hlen? Und wenn ich jetzt im Fr\u00fchjahr nicht mehr z\u00e4hlen kann, darf ich im Herbst dann noch Hasen jagen? LJV-Vizepr\u00e4sident Dr. Nikolaus Bretschneider-Herrmann gab gestern auf einer Informationsveranstaltung&#8230;<\/p>\n<p> <a class=\"continue-reading-link\" href=\"https:\/\/www.jvdiana.de\/cm\/2016\/04\/13\/fangt-an-hasen-zu-zaehlen\/\"><span>Weiterlesen&#8230;<\/span><i class=\"crycon-right-dir\"><\/i><\/a> <\/p>\n","protected":false},"author":1,"featured_media":0,"comment_status":"closed","ping_status":"open","sticky":false,"template":"","format":"standard","meta":{"footnotes":""},"categories":[1],"tags":[],"class_list":["post-515","post","type-post","status-publish","format-standard","hentry","category-allgemein"],"_links":{"self":[{"href":"https:\/\/www.jvdiana.de\/cm\/wp-json\/wp\/v2\/posts\/515","targetHints":{"allow":["GET"]}}],"collection":[{"href":"https:\/\/www.jvdiana.de\/cm\/wp-json\/wp\/v2\/posts"}],"about":[{"href":"https:\/\/www.jvdiana.de\/cm\/wp-json\/wp\/v2\/types\/post"}],"author":[{"embeddable":true,"href":"https:\/\/www.jvdiana.de\/cm\/wp-json\/wp\/v2\/users\/1"}],"replies":[{"embeddable":true,"href":"https:\/\/www.jvdiana.de\/cm\/wp-json\/wp\/v2\/comments?post=515"}],"version-history":[{"count":3,"href":"https:\/\/www.jvdiana.de\/cm\/wp-json\/wp\/v2\/posts\/515\/revisions"}],"predecessor-version":[{"id":519,"href":"https:\/\/www.jvdiana.de\/cm\/wp-json\/wp\/v2\/posts\/515\/revisions\/519"}],"wp:attachment":[{"href":"https:\/\/www.jvdiana.de\/cm\/wp-json\/wp\/v2\/media?parent=515"}],"wp:term":[{"taxonomy":"category","embeddable":true,"href":"https:\/\/www.jvdiana.de\/cm\/wp-json\/wp\/v2\/categories?post=515"},{"taxonomy":"post_tag","embeddable":true,"href":"https:\/\/www.jvdiana.de\/cm\/wp-json\/wp\/v2\/tags?post=515"}],"curies":[{"name":"wp","href":"https:\/\/api.w.org\/{rel}","templated":true}]}}