{"id":520,"date":"2016-10-11T15:30:39","date_gmt":"2016-10-11T13:30:39","guid":{"rendered":"http:\/\/www.jvdiana.de\/cm\/?p=520"},"modified":"2019-07-23T01:49:06","modified_gmt":"2019-07-22T23:49:06","slug":"land-rover-jagdforum-2016-im-autohaus-sorg","status":"publish","type":"post","link":"https:\/\/www.jvdiana.de\/cm\/2016\/10\/11\/land-rover-jagdforum-2016-im-autohaus-sorg\/","title":{"rendered":"Land Rover Jagdforum 2016 im Autohaus Sorg"},"content":{"rendered":"<div id=\"attachment_521\" style=\"width: 1640px\" class=\"wp-caption alignnone\"><img loading=\"lazy\" decoding=\"async\" aria-describedby=\"caption-attachment-521\" class=\"size-full wp-image-521\" src=\"http:\/\/www.jvdiana.de\/cm\/wp-content\/uploads\/2019\/07\/2016_Jagdforum_fordsorg.jpg\" alt=\"Jagen &amp; Land Rover stehen im Mittelpunkt des Jagdforums im Autohaus Sorg\" width=\"1630\" height=\"896\" srcset=\"https:\/\/www.jvdiana.de\/cm\/wp-content\/uploads\/2019\/07\/2016_Jagdforum_fordsorg.jpg 1630w, https:\/\/www.jvdiana.de\/cm\/wp-content\/uploads\/2019\/07\/2016_Jagdforum_fordsorg-300x165.jpg 300w, https:\/\/www.jvdiana.de\/cm\/wp-content\/uploads\/2019\/07\/2016_Jagdforum_fordsorg-768x422.jpg 768w, https:\/\/www.jvdiana.de\/cm\/wp-content\/uploads\/2019\/07\/2016_Jagdforum_fordsorg-1024x563.jpg 1024w, https:\/\/www.jvdiana.de\/cm\/wp-content\/uploads\/2019\/07\/2016_Jagdforum_fordsorg-150x82.jpg 150w\" sizes=\"auto, (max-width: 1630px) 100vw, 1630px\" \/><p id=\"caption-attachment-521\" class=\"wp-caption-text\">Jagen &amp; Land Rover stehen im Mittelpunkt des Jagdforums im Autohaus Sorg<\/p><\/div>\n<p>Alle Jahre wieder hei\u00dft es \u201eWaidmannsheil im Autohaus Sorg\u201c: Vor Beginn der Gesellschaftsjagd-Saison laden Sorg Premium Cars und die J\u00e4ger- und Gebrauchshundevereinigung Rh\u00f6n-Vogelsberg (JGV) e.V. regelm\u00e4\u00dfig zum Jagdforum mit renommierten Experten ein. Der Eintritt am Donnerstag, <strong>20. Oktober um 19 Uhr<\/strong> ist frei. Unter dem Motto \u201eJagen &amp; Land Rover\u201c hat die Veranstaltung schon viele Jahre Tradition: \u201eF\u00fcr J\u00e4ger sind unsere gel\u00e4ndeg\u00e4ngigen Fahrzeuge der Marke Land Rover wie geschaffen\u201c, erkl\u00e4rt Dr. Mascha Sorg, Gesch\u00e4ftsf\u00fchrerin von Sorg Premium Cars in Fulda, und f\u00fchrt weiter aus: \u201edeswegen freuen wir uns besonders, dass wir f\u00fcr diese Zielgruppe wieder ein besonderes Event pr\u00e4sentieren k\u00f6nnen.\u201c Erneut konnte f\u00fcr das Land Rover Jagdforum ein hochkar\u00e4tiger Referent gewonnen werden: Konrad Esterl, Wildmeister, Berufsj\u00e4ger und Jagdbuchautor, referiert zum Thema \u201eRuf-, Lock- und Reizjagd auf alles Schalenwild\u201c. Seine Jagdb\u00fccher sind\u00a0 weit \u00fcber die Grenzen seiner bayrischen Heimat hinaus bekannt. Esterl war einst Bayerns j\u00fcngster Wildmeister, betreute als Berufsj\u00e4ger Reviere im Spitzinggebiet und im Ebersberger Forst \u201eKonrad Esterl gilt \u2013 wenn auch l\u00e4ngst pensioniert \u2013 als die wohl schillerndste Figur der bayrischen J\u00e4gerschaft. Und das nicht nur, weil er den Lockruf des Hirsches wie kaum ein anderer beherrscht. Damit bieten wir auch in diesem Jahr wieder ein interessantes Referat, gespickt mit Praxiserfahrungen und wertvollen Tipps auch f\u00fcr erfahrene Waidm\u00e4nner\u201c, freut sich Benjamin Schrimpf, Verkaufsleiter bei Sorg Premium Cars und selbst Jungj\u00e4ger. \u201eNeben dem inhaltlichen Teil steht nat\u00fcrlich das Zusammentreffen der heimischen J\u00e4gerschaft sowie die Diskussion und der Austausch miteinander im Mittelpunkt unserer gemeinsamen Veranstaltung im Autohaus Sorg\u201c, erg\u00e4nzt Dr. Rudolf Leinweber, Vorsitzender der JGV Rh\u00f6n-Vogelsberg e.V. Abgerundet wird die Veranstaltung durch die Pr\u00e4sentation der \u2013 nicht nur wegen ihrer legend\u00e4ren Gel\u00e4ndeg\u00e4ngigkeit \u2013 f\u00fcr J\u00e4ger pr\u00e4destinierten Land Rover und Range Rover Modelle.<\/p>\n<p>Interessenten k\u00f6nnen sich hier zur Veranstaltung anmelden..<\/p>\n<p>Tel.:\u00a0 +49 661 49 50 98<br \/>\nE-Mail: <a data-cke-saved-href=\"mailto:benjamin.schrimpf@sorg-gruppe.de\">benjamin.schrimpf@sorg-gruppe.de<\/a><\/p>\n","protected":false},"excerpt":{"rendered":"<p>Alle Jahre wieder hei\u00dft es \u201eWaidmannsheil im Autohaus Sorg\u201c: Vor Beginn der Gesellschaftsjagd-Saison laden Sorg Premium Cars und die J\u00e4ger- und Gebrauchshundevereinigung Rh\u00f6n-Vogelsberg (JGV) e.V. regelm\u00e4\u00dfig zum Jagdforum mit renommierten Experten ein. Der Eintritt am Donnerstag, 20. Oktober um 19 Uhr ist frei. Unter dem Motto \u201eJagen &amp; Land Rover\u201c&#8230;<\/p>\n<p> <a class=\"continue-reading-link\" href=\"https:\/\/www.jvdiana.de\/cm\/2016\/10\/11\/land-rover-jagdforum-2016-im-autohaus-sorg\/\"><span>Weiterlesen&#8230;<\/span><i class=\"crycon-right-dir\"><\/i><\/a> <\/p>\n","protected":false},"author":1,"featured_media":0,"comment_status":"closed","ping_status":"open","sticky":false,"template":"","format":"standard","meta":{"footnotes":""},"categories":[1,17],"tags":[],"class_list":["post-520","post","type-post","status-publish","format-standard","hentry","category-allgemein","category-veranstaltungen"],"_links":{"self":[{"href":"https:\/\/www.jvdiana.de\/cm\/wp-json\/wp\/v2\/posts\/520","targetHints":{"allow":["GET"]}}],"collection":[{"href":"https:\/\/www.jvdiana.de\/cm\/wp-json\/wp\/v2\/posts"}],"about":[{"href":"https:\/\/www.jvdiana.de\/cm\/wp-json\/wp\/v2\/types\/post"}],"author":[{"embeddable":true,"href":"https:\/\/www.jvdiana.de\/cm\/wp-json\/wp\/v2\/users\/1"}],"replies":[{"embeddable":true,"href":"https:\/\/www.jvdiana.de\/cm\/wp-json\/wp\/v2\/comments?post=520"}],"version-history":[{"count":1,"href":"https:\/\/www.jvdiana.de\/cm\/wp-json\/wp\/v2\/posts\/520\/revisions"}],"predecessor-version":[{"id":522,"href":"https:\/\/www.jvdiana.de\/cm\/wp-json\/wp\/v2\/posts\/520\/revisions\/522"}],"wp:attachment":[{"href":"https:\/\/www.jvdiana.de\/cm\/wp-json\/wp\/v2\/media?parent=520"}],"wp:term":[{"taxonomy":"category","embeddable":true,"href":"https:\/\/www.jvdiana.de\/cm\/wp-json\/wp\/v2\/categories?post=520"},{"taxonomy":"post_tag","embeddable":true,"href":"https:\/\/www.jvdiana.de\/cm\/wp-json\/wp\/v2\/tags?post=520"}],"curies":[{"name":"wp","href":"https:\/\/api.w.org\/{rel}","templated":true}]}}