{"id":548,"date":"2018-05-28T15:30:03","date_gmt":"2018-05-28T13:30:03","guid":{"rendered":"http:\/\/www.jvdiana.de\/cm\/?p=548"},"modified":"2019-07-23T01:46:47","modified_gmt":"2019-07-22T23:46:47","slug":"infoabend-zur-afrikanische-schweinepest-und-registrierungspflicht-fuer-zerwirkstaetten-fachvortrag-dr-stephan-krauss","status":"publish","type":"post","link":"https:\/\/www.jvdiana.de\/cm\/2018\/05\/28\/infoabend-zur-afrikanische-schweinepest-und-registrierungspflicht-fuer-zerwirkstaetten-fachvortrag-dr-stephan-krauss\/","title":{"rendered":"Infoabend zur Afrikanische Schweinepest (ASP) und Registrierungspflicht f\u00fcr Zerwirkst\u00e4tten &#8211; Fachvortrag Dr. Stephan Krau\u00df"},"content":{"rendered":"<p>Danke an Dr. Stephan Kraus f\u00fcr den interessanten Vortrag zur ASP und der Registrierungspflicht f\u00fcr Zerwirkst\u00e4tten!<\/p>\n<div id=\"attachment_549\" style=\"width: 460px\" class=\"wp-caption alignnone\"><img loading=\"lazy\" decoding=\"async\" aria-describedby=\"caption-attachment-549\" class=\"size-full wp-image-549\" src=\"http:\/\/www.jvdiana.de\/cm\/wp-content\/uploads\/2019\/07\/vortrag_stephan_kraus_asp_reg_pflicht1.jpg\" alt=\"1. Vorsitzender Patrick Figge und Stephan Kraus\" width=\"450\" height=\"358\" srcset=\"https:\/\/www.jvdiana.de\/cm\/wp-content\/uploads\/2019\/07\/vortrag_stephan_kraus_asp_reg_pflicht1.jpg 450w, https:\/\/www.jvdiana.de\/cm\/wp-content\/uploads\/2019\/07\/vortrag_stephan_kraus_asp_reg_pflicht1-300x239.jpg 300w, https:\/\/www.jvdiana.de\/cm\/wp-content\/uploads\/2019\/07\/vortrag_stephan_kraus_asp_reg_pflicht1-150x119.jpg 150w\" sizes=\"auto, (max-width: 450px) 100vw, 450px\" \/><p id=\"caption-attachment-549\" class=\"wp-caption-text\">1. Vorsitzender Patrick Figge und Stephan Kraus<\/p><\/div>\n<div id=\"attachment_550\" style=\"width: 460px\" class=\"wp-caption alignnone\"><img loading=\"lazy\" decoding=\"async\" aria-describedby=\"caption-attachment-550\" class=\"size-full wp-image-550\" src=\"http:\/\/www.jvdiana.de\/cm\/wp-content\/uploads\/2019\/07\/vortrag_stephan_kraus_asp_reg_pflicht.jpg\" alt=\"Vortrag Stephan Kraus zur ASP\" width=\"450\" height=\"299\" srcset=\"https:\/\/www.jvdiana.de\/cm\/wp-content\/uploads\/2019\/07\/vortrag_stephan_kraus_asp_reg_pflicht.jpg 450w, https:\/\/www.jvdiana.de\/cm\/wp-content\/uploads\/2019\/07\/vortrag_stephan_kraus_asp_reg_pflicht-300x199.jpg 300w, https:\/\/www.jvdiana.de\/cm\/wp-content\/uploads\/2019\/07\/vortrag_stephan_kraus_asp_reg_pflicht-150x100.jpg 150w\" sizes=\"auto, (max-width: 450px) 100vw, 450px\" \/><p id=\"caption-attachment-550\" class=\"wp-caption-text\">Vortrag Stephan Kraus zur ASP<\/p><\/div>\n<p>In Osteuropa breitet sich die f\u00fcr den Menschen vollkommen ungef\u00e4hrliche Afrikanische Schweinepest immer st\u00e4rker aus. Seit Anfang des Jahres gab es in der Europ\u00e4ischen Union sowie der Ukraine 2.138 neue Nachweise des Erregers. In 2.108 F\u00e4llen waren Wildschweine von der Afrikanischen Schweinepest (ASP) betroffen. In 30 F\u00e4llen wurde die Tierseuche bei Hausschweinen nachgewiesen. Das geht aus den neusten Daten der EU-Kommission hervor. Nach dem Auftreten der Seuche bei Wildschweinen in Tschechien hat das Friedrich-Loeffler-Institut (FLI) seine Risikoeinsch\u00e4tzung f\u00fcr die Einschleppung der Seuche nach Deutschland Mitte Juli 2017 angepasst. Die Experten sch\u00e4tzen das Risiko durch den direkten Kontakt mit Wildschweinen als m\u00e4\u00dfig ein, die gr\u00f6\u00dfte Gefahr f\u00fcr die Einschleppung der Seuche ist weiterhin der Mensch, der \u00fcber nicht gegarte, kontaminierte Schweineprodukte den Erreger nach Westen tragen k\u00f6nnte. Das Einschleppungsrisiko durch den Menschen wird daher weiter als hoch eingestuft. Der Jagdverein l\u00e4dt alle Interessierten zu einem Infoabend am..<\/p>\n<p><strong>Mittwoch, den 16.05.2018 in die Gastst\u00e4tte zum Goldenen Stern in Gro\u00dfenbach, Beginn ist 19:30 Uhr.<\/strong><\/p>\n<p>Dr. Stephan Krau\u00df vom Kreisveterin\u00e4ramt wird \u00fcber die ASP und die Registrierungspflicht f\u00fcr Zerwirkst\u00e4tten referieren und f\u00fcr Fragen zur Verf\u00fcgung stehen.<\/p>\n","protected":false},"excerpt":{"rendered":"<p>Danke an Dr. Stephan Kraus f\u00fcr den interessanten Vortrag zur ASP und der Registrierungspflicht f\u00fcr Zerwirkst\u00e4tten! In Osteuropa breitet sich die f\u00fcr den Menschen vollkommen ungef\u00e4hrliche Afrikanische Schweinepest immer st\u00e4rker aus. Seit Anfang des Jahres gab es in der Europ\u00e4ischen Union sowie der Ukraine 2.138 neue Nachweise des Erregers. In&#8230;<\/p>\n<p> <a class=\"continue-reading-link\" href=\"https:\/\/www.jvdiana.de\/cm\/2018\/05\/28\/infoabend-zur-afrikanische-schweinepest-und-registrierungspflicht-fuer-zerwirkstaetten-fachvortrag-dr-stephan-krauss\/\"><span>Weiterlesen&#8230;<\/span><i class=\"crycon-right-dir\"><\/i><\/a> <\/p>\n","protected":false},"author":1,"featured_media":0,"comment_status":"closed","ping_status":"open","sticky":false,"template":"","format":"standard","meta":{"footnotes":""},"categories":[1,17],"tags":[],"class_list":["post-548","post","type-post","status-publish","format-standard","hentry","category-allgemein","category-veranstaltungen"],"_links":{"self":[{"href":"https:\/\/www.jvdiana.de\/cm\/wp-json\/wp\/v2\/posts\/548","targetHints":{"allow":["GET"]}}],"collection":[{"href":"https:\/\/www.jvdiana.de\/cm\/wp-json\/wp\/v2\/posts"}],"about":[{"href":"https:\/\/www.jvdiana.de\/cm\/wp-json\/wp\/v2\/types\/post"}],"author":[{"embeddable":true,"href":"https:\/\/www.jvdiana.de\/cm\/wp-json\/wp\/v2\/users\/1"}],"replies":[{"embeddable":true,"href":"https:\/\/www.jvdiana.de\/cm\/wp-json\/wp\/v2\/comments?post=548"}],"version-history":[{"count":2,"href":"https:\/\/www.jvdiana.de\/cm\/wp-json\/wp\/v2\/posts\/548\/revisions"}],"predecessor-version":[{"id":552,"href":"https:\/\/www.jvdiana.de\/cm\/wp-json\/wp\/v2\/posts\/548\/revisions\/552"}],"wp:attachment":[{"href":"https:\/\/www.jvdiana.de\/cm\/wp-json\/wp\/v2\/media?parent=548"}],"wp:term":[{"taxonomy":"category","embeddable":true,"href":"https:\/\/www.jvdiana.de\/cm\/wp-json\/wp\/v2\/categories?post=548"},{"taxonomy":"post_tag","embeddable":true,"href":"https:\/\/www.jvdiana.de\/cm\/wp-json\/wp\/v2\/tags?post=548"}],"curies":[{"name":"wp","href":"https:\/\/api.w.org\/{rel}","templated":true}]}}