{"id":553,"date":"2018-05-28T15:30:27","date_gmt":"2018-05-28T13:30:27","guid":{"rendered":"http:\/\/www.jvdiana.de\/cm\/?p=553"},"modified":"2019-07-23T01:51:04","modified_gmt":"2019-07-22T23:51:04","slug":"waldforscher-montag-30-juli-2018-bis-mittwoch-01-august-2018","status":"publish","type":"post","link":"https:\/\/www.jvdiana.de\/cm\/2018\/05\/28\/waldforscher-montag-30-juli-2018-bis-mittwoch-01-august-2018\/","title":{"rendered":"Waldforscher &#8211; Montag, 30. Juli 2018 bis Mittwoch, 01. August 2018"},"content":{"rendered":"<div id=\"attachment_554\" style=\"width: 3553px\" class=\"wp-caption alignnone\"><img loading=\"lazy\" decoding=\"async\" aria-describedby=\"caption-attachment-554\" class=\"size-full wp-image-554\" src=\"http:\/\/www.jvdiana.de\/cm\/wp-content\/uploads\/2019\/07\/quelle_djv_goegen_kind_mit_lupe_klaus_goegen_jugendreport2010.jpg\" alt=\"Foto: DJV \/ Goegen\" width=\"3543\" height=\"2362\" srcset=\"https:\/\/www.jvdiana.de\/cm\/wp-content\/uploads\/2019\/07\/quelle_djv_goegen_kind_mit_lupe_klaus_goegen_jugendreport2010.jpg 3543w, https:\/\/www.jvdiana.de\/cm\/wp-content\/uploads\/2019\/07\/quelle_djv_goegen_kind_mit_lupe_klaus_goegen_jugendreport2010-300x200.jpg 300w, https:\/\/www.jvdiana.de\/cm\/wp-content\/uploads\/2019\/07\/quelle_djv_goegen_kind_mit_lupe_klaus_goegen_jugendreport2010-768x512.jpg 768w, https:\/\/www.jvdiana.de\/cm\/wp-content\/uploads\/2019\/07\/quelle_djv_goegen_kind_mit_lupe_klaus_goegen_jugendreport2010-1024x683.jpg 1024w, https:\/\/www.jvdiana.de\/cm\/wp-content\/uploads\/2019\/07\/quelle_djv_goegen_kind_mit_lupe_klaus_goegen_jugendreport2010-150x100.jpg 150w\" sizes=\"auto, (max-width: 3543px) 100vw, 3543px\" \/><p id=\"caption-attachment-554\" class=\"wp-caption-text\">Foto: DJV \/ Goegen<\/p><\/div>\n<p>Zu einem dreit\u00e4gigen Workshop \u201eWald und Wild\u201c laden die Jagdvereine Diana H\u00fcnfeld, J\u00e4ger- und Gebrauchshundevereinigung Rh\u00f6n-Vogelsberg und das Umweltzentrum Fulda Kinder zwischen 9 und 12 Jahren ein. Wir entdecken im<\/p>\n<p>Vonderau-Museum die heimischen Tierarten, nehmen Gipsabdr\u00fccke von den Spuren von Hirsch, Reh und Wildschwein, untersuchen den Erdboden, beobachten Jagdhunde bei ihrer Arbeit, lernen die heimischen Waldb\u00e4ume kennen, lernen Greifv\u00f6gel durch einen Falkner kennen und schie\u00dfen unter Aufsicht mit Pfeil und Bogen. Am letzten Tag f\u00fchrt uns ein F\u00f6rster durch den Wald und wir setzen uns gemeinsam mit einem J\u00e4ger in der D\u00e4mmerung auf einen Hochsitz und beobachten hoffentlich viel Wild.<\/p>\n<p><a href=\"http:\/\/www.umweltzentrum-fulda.de\/programm\/veranstaltung.html?tx_cal_controller%5Bgetdate%5D=20180730&amp;tx_cal_controller%5Blastview%5D=list-26&amp;tx_cal_controller%5Bview%5D=event&amp;tx_cal_controller%5Btype%5D=tx_cal_phpicalendar&amp;tx_cal_controller%5Buid%5D=1424&amp;cHash=bba58aca3b\" target=\"_blank\" rel=\"noopener noreferrer\" data-cke-saved-href=\"http:\/\/www.umweltzentrum-fulda.de\/programm\/veranstaltung.html?tx_cal_controller%5Bgetdate%5D=20180730&amp;tx_cal_controller%5Blastview%5D=list-26&amp;tx_cal_controller%5Bview%5D=event&amp;tx_cal_controller%5Btype%5D=tx_cal_phpicalendar&amp;tx_cal_controller%5Buid%5D=1424&amp;cHash=bba58aca3b\">Link zur Seite des Umweltzentrums<\/a><\/p>\n<p><strong>1.Tag: <\/strong>Im Umweltzentrum; Besuch des Vonderau-Museum,<\/p>\n<p>9.30 Uhr \u2013 16.00 Uhr<\/p>\n<p><strong>2.Tag: <\/strong>Schie\u00dfstand Ro\u00dfkupp in Dammersbach (Adresse) ,<\/p>\n<p>9.30 Uhr \u2013 16.00 Uhr<\/p>\n<p><strong>3.Tag: <\/strong>(Ort und Adresse), 15 Uhr bis Dunkelheit<\/p>\n<p>(Eltern k\u00f6nnen gerne mitkommen)<\/p>\n<p><strong>Leitung: <\/strong>Astrid Schneider-Heil, Holger Jost<\/p>\n<p><strong>Zielgruppe: <\/strong>Kinder zwischen 9 und 12 Jahren<\/p>\n<p>Bitte mitbringen: wetterfeste Kleidung, Sonnenschutz,<\/p>\n<p>Insektenspray, Selbstverpflegung<\/p>\n<p><strong>Kosten: <\/strong>45\u20ac<\/p>\n<p>Die Anmeldung ist erforderlich bis zum 22.06.2018:<\/p>\n<p>E-Mail: <a>kontakt@umweltzentrum-fulda.de<\/a><\/p>\n<p>Tel.: +49 661-970 97 90<\/p>\n<p>Quelle Text: Flyer Umweltzentrum Fulda<\/p>\n<p>Quelle Bild: DJV \/ Goegen<\/p>\n","protected":false},"excerpt":{"rendered":"<p>Zu einem dreit\u00e4gigen Workshop \u201eWald und Wild\u201c laden die Jagdvereine Diana H\u00fcnfeld, J\u00e4ger- und Gebrauchshundevereinigung Rh\u00f6n-Vogelsberg und das Umweltzentrum Fulda Kinder zwischen 9 und 12 Jahren ein. Wir entdecken im Vonderau-Museum die heimischen Tierarten, nehmen Gipsabdr\u00fccke von den Spuren von Hirsch, Reh und Wildschwein, untersuchen den Erdboden, beobachten Jagdhunde bei&#8230;<\/p>\n<p> <a class=\"continue-reading-link\" href=\"https:\/\/www.jvdiana.de\/cm\/2018\/05\/28\/waldforscher-montag-30-juli-2018-bis-mittwoch-01-august-2018\/\"><span>Weiterlesen&#8230;<\/span><i class=\"crycon-right-dir\"><\/i><\/a> <\/p>\n","protected":false},"author":1,"featured_media":0,"comment_status":"closed","ping_status":"open","sticky":false,"template":"","format":"standard","meta":{"footnotes":""},"categories":[1,17],"tags":[],"class_list":["post-553","post","type-post","status-publish","format-standard","hentry","category-allgemein","category-veranstaltungen"],"_links":{"self":[{"href":"https:\/\/www.jvdiana.de\/cm\/wp-json\/wp\/v2\/posts\/553","targetHints":{"allow":["GET"]}}],"collection":[{"href":"https:\/\/www.jvdiana.de\/cm\/wp-json\/wp\/v2\/posts"}],"about":[{"href":"https:\/\/www.jvdiana.de\/cm\/wp-json\/wp\/v2\/types\/post"}],"author":[{"embeddable":true,"href":"https:\/\/www.jvdiana.de\/cm\/wp-json\/wp\/v2\/users\/1"}],"replies":[{"embeddable":true,"href":"https:\/\/www.jvdiana.de\/cm\/wp-json\/wp\/v2\/comments?post=553"}],"version-history":[{"count":1,"href":"https:\/\/www.jvdiana.de\/cm\/wp-json\/wp\/v2\/posts\/553\/revisions"}],"predecessor-version":[{"id":555,"href":"https:\/\/www.jvdiana.de\/cm\/wp-json\/wp\/v2\/posts\/553\/revisions\/555"}],"wp:attachment":[{"href":"https:\/\/www.jvdiana.de\/cm\/wp-json\/wp\/v2\/media?parent=553"}],"wp:term":[{"taxonomy":"category","embeddable":true,"href":"https:\/\/www.jvdiana.de\/cm\/wp-json\/wp\/v2\/categories?post=553"},{"taxonomy":"post_tag","embeddable":true,"href":"https:\/\/www.jvdiana.de\/cm\/wp-json\/wp\/v2\/tags?post=553"}],"curies":[{"name":"wp","href":"https:\/\/api.w.org\/{rel}","templated":true}]}}