{"id":556,"date":"2018-08-07T15:30:47","date_gmt":"2018-08-07T13:30:47","guid":{"rendered":"http:\/\/www.jvdiana.de\/cm\/?p=556"},"modified":"2019-07-23T01:51:11","modified_gmt":"2019-07-22T23:51:11","slug":"waldforscher-tage-2018","status":"publish","type":"post","link":"https:\/\/www.jvdiana.de\/cm\/2018\/08\/07\/waldforscher-tage-2018\/","title":{"rendered":"Waldforscher Tage 2018"},"content":{"rendered":"<p><img loading=\"lazy\" decoding=\"async\" class=\"alignnone size-full wp-image-557\" src=\"http:\/\/www.jvdiana.de\/cm\/wp-content\/uploads\/2019\/07\/waldforscher4.jpg\" alt=\"\" width=\"2048\" height=\"1536\" srcset=\"https:\/\/www.jvdiana.de\/cm\/wp-content\/uploads\/2019\/07\/waldforscher4.jpg 2048w, https:\/\/www.jvdiana.de\/cm\/wp-content\/uploads\/2019\/07\/waldforscher4-300x225.jpg 300w, https:\/\/www.jvdiana.de\/cm\/wp-content\/uploads\/2019\/07\/waldforscher4-768x576.jpg 768w, https:\/\/www.jvdiana.de\/cm\/wp-content\/uploads\/2019\/07\/waldforscher4-1024x768.jpg 1024w, https:\/\/www.jvdiana.de\/cm\/wp-content\/uploads\/2019\/07\/waldforscher4-150x113.jpg 150w\" sizes=\"auto, (max-width: 2048px) 100vw, 2048px\" \/><\/p>\n<p><span style=\"display: inline !important; float: none; background-color: #ffffff; color: #333333; cursor: text; font-family: Georgia,'Bitstream Charter',serif; font-size: 18px; font-style: normal; font-variant: normal; font-weight: 400; letter-spacing: normal; line-height: 1.5; orphans: 2; text-align: left; text-decoration: none; text-indent: 0px; text-transform: none; -webkit-text-stroke-width: 0px; white-space: normal; word-spacing: 0px;\">Die Jagdvereine Diana H\u00fcnfeld und J\u00e4ger- und Gebrauchshundevereinigung Rh\u00f6n-Vogelsberg boten in Kooperation mit dem Umweltzentrum Fulda einen dreit\u00e4gigen Ferienworkshop f\u00fcr M\u00e4dchen und Jungen zwischen neun und 12 Jahre mit dem Themenschwerpunkt \u201eWaldforscher\u201c an.<\/span><\/p>\n<p><img loading=\"lazy\" decoding=\"async\" class=\"alignnone size-full wp-image-558\" src=\"http:\/\/www.jvdiana.de\/cm\/wp-content\/uploads\/2019\/07\/waldforscher6.jpg\" alt=\"\" width=\"2048\" height=\"1536\" srcset=\"https:\/\/www.jvdiana.de\/cm\/wp-content\/uploads\/2019\/07\/waldforscher6.jpg 2048w, https:\/\/www.jvdiana.de\/cm\/wp-content\/uploads\/2019\/07\/waldforscher6-300x225.jpg 300w, https:\/\/www.jvdiana.de\/cm\/wp-content\/uploads\/2019\/07\/waldforscher6-768x576.jpg 768w, https:\/\/www.jvdiana.de\/cm\/wp-content\/uploads\/2019\/07\/waldforscher6-1024x768.jpg 1024w, https:\/\/www.jvdiana.de\/cm\/wp-content\/uploads\/2019\/07\/waldforscher6-150x113.jpg 150w\" sizes=\"auto, (max-width: 2048px) 100vw, 2048px\" \/><\/p>\n<p><span style=\"display: inline !important; float: none; background-color: #ffffff; color: #333333; cursor: text; font-family: Georgia,'Bitstream Charter',serif; font-size: 18px; font-style: normal; font-variant: normal; font-weight: 400; letter-spacing: normal; line-height: 1.5; orphans: 2; text-align: left; text-decoration: none; text-indent: 0px; text-transform: none; -webkit-text-stroke-width: 0px; white-space: normal; word-spacing: 0px;\">Die Jugendlichen sollten das \u00d6kosystem Wald mit seinen pflanzlichen und tierischen Bewohnern besser kennen lernen. Im Einzelnen besprachen sie die Wildarten Rot-, Reh- und Schwarzwild, stellten F\u00e4hrtenabdr\u00fccke der besprochenen Wildarten her und untersuchten den Waldboden nach Kleinlebewesen. Am zweiten Tag des Ferienprogramms erfuhren sie Interessantes \u00fcber verschiedene Greifv\u00f6gel und deren Lebens- und jagdweisen durch zwei Falkner und lernten nachmittags das Schie\u00dfen mit Pfeil und Bogen. Besonders interessiert verfolgten sie die Vorf\u00fchrung verschiedener Jagdhunderassen und waren erstaunt \u00fcber das K\u00f6nnen der einzelnen Vierbeiner.<\/span><\/p>\n<p><img loading=\"lazy\" decoding=\"async\" class=\"alignnone size-full wp-image-559\" src=\"http:\/\/www.jvdiana.de\/cm\/wp-content\/uploads\/2019\/07\/waldforscher1.jpg\" alt=\"\" width=\"2048\" height=\"1536\" srcset=\"https:\/\/www.jvdiana.de\/cm\/wp-content\/uploads\/2019\/07\/waldforscher1.jpg 2048w, https:\/\/www.jvdiana.de\/cm\/wp-content\/uploads\/2019\/07\/waldforscher1-300x225.jpg 300w, https:\/\/www.jvdiana.de\/cm\/wp-content\/uploads\/2019\/07\/waldforscher1-768x576.jpg 768w, https:\/\/www.jvdiana.de\/cm\/wp-content\/uploads\/2019\/07\/waldforscher1-1024x768.jpg 1024w, https:\/\/www.jvdiana.de\/cm\/wp-content\/uploads\/2019\/07\/waldforscher1-150x113.jpg 150w\" sizes=\"auto, (max-width: 2048px) 100vw, 2048px\" \/><\/p>\n<p><span style=\"display: inline !important; float: none; background-color: #ffffff; color: #333333; cursor: text; font-family: Georgia,'Bitstream Charter',serif; font-size: 18px; font-style: normal; font-variant: normal; font-weight: 400; letter-spacing: normal; line-height: 1.5; orphans: 2; text-align: left; text-decoration: none; text-indent: 0px; text-transform: none; -webkit-text-stroke-width: 0px; white-space: normal; word-spacing: 0px;\">Herr Kircher, der ortsans\u00e4ssige F\u00f6rster der Revierf\u00f6rsterei Dammersbach, erl\u00e4uterte den Jungen und M\u00e4dchen am dritten Tag bei einer Waldbegehung verschiedene Waldbaumarten, die naturnahe Bewirtschaftung des Waldes und warum J\u00e4ger und F\u00f6rster jagen. Am fr\u00fchen Abend trafen sich die Jugendlichen, ihre Eltern und Betreuer zu einem z\u00fcnftigen Grillabend am Schie\u00dfstand in Dammersbach. <\/span><\/p>\n<p><img loading=\"lazy\" decoding=\"async\" class=\"alignnone size-full wp-image-560\" src=\"http:\/\/www.jvdiana.de\/cm\/wp-content\/uploads\/2019\/07\/waldforscher2.jpg\" alt=\"\" width=\"2048\" height=\"1536\" srcset=\"https:\/\/www.jvdiana.de\/cm\/wp-content\/uploads\/2019\/07\/waldforscher2.jpg 2048w, https:\/\/www.jvdiana.de\/cm\/wp-content\/uploads\/2019\/07\/waldforscher2-300x225.jpg 300w, https:\/\/www.jvdiana.de\/cm\/wp-content\/uploads\/2019\/07\/waldforscher2-768x576.jpg 768w, https:\/\/www.jvdiana.de\/cm\/wp-content\/uploads\/2019\/07\/waldforscher2-1024x768.jpg 1024w, https:\/\/www.jvdiana.de\/cm\/wp-content\/uploads\/2019\/07\/waldforscher2-150x113.jpg 150w\" sizes=\"auto, (max-width: 2048px) 100vw, 2048px\" \/><\/p>\n<p><span style=\"display: inline !important; float: none; background-color: #ffffff; color: #333333; cursor: text; font-family: Georgia,'Bitstream Charter',serif; font-size: 18px; font-style: normal; font-variant: normal; font-weight: 400; letter-spacing: normal; line-height: 1.5; orphans: 2; text-align: left; text-decoration: none; text-indent: 0px; text-transform: none; -webkit-text-stroke-width: 0px; white-space: normal; word-spacing: 0px;\">F\u00fcr viele war es das erste Mal, dass sie Wildschweinbratw\u00fcrstchen a\u00dfen. Nach dem gemeinsamen Abendessen folgte der H\u00f6hepunkt des Ferienworkshops. Alle Teilnehmer und ihre Eltern wurden von mehreren Revierp\u00e4chtern abgeholt, um einen Abend im Revier auf einem Hochsitz zu erleben. <\/span><\/p>\n<p><img loading=\"lazy\" decoding=\"async\" class=\"alignnone size-full wp-image-561\" src=\"http:\/\/www.jvdiana.de\/cm\/wp-content\/uploads\/2019\/07\/waldforscher3.jpg\" alt=\"\" width=\"2048\" height=\"1536\" srcset=\"https:\/\/www.jvdiana.de\/cm\/wp-content\/uploads\/2019\/07\/waldforscher3.jpg 2048w, https:\/\/www.jvdiana.de\/cm\/wp-content\/uploads\/2019\/07\/waldforscher3-300x225.jpg 300w, https:\/\/www.jvdiana.de\/cm\/wp-content\/uploads\/2019\/07\/waldforscher3-768x576.jpg 768w, https:\/\/www.jvdiana.de\/cm\/wp-content\/uploads\/2019\/07\/waldforscher3-1024x768.jpg 1024w, https:\/\/www.jvdiana.de\/cm\/wp-content\/uploads\/2019\/07\/waldforscher3-150x113.jpg 150w\" sizes=\"auto, (max-width: 2048px) 100vw, 2048px\" \/> <img loading=\"lazy\" decoding=\"async\" class=\"alignnone size-full wp-image-562\" src=\"http:\/\/www.jvdiana.de\/cm\/wp-content\/uploads\/2019\/07\/waldforscher5.jpg\" alt=\"\" width=\"2048\" height=\"1536\" srcset=\"https:\/\/www.jvdiana.de\/cm\/wp-content\/uploads\/2019\/07\/waldforscher5.jpg 2048w, https:\/\/www.jvdiana.de\/cm\/wp-content\/uploads\/2019\/07\/waldforscher5-300x225.jpg 300w, https:\/\/www.jvdiana.de\/cm\/wp-content\/uploads\/2019\/07\/waldforscher5-768x576.jpg 768w, https:\/\/www.jvdiana.de\/cm\/wp-content\/uploads\/2019\/07\/waldforscher5-1024x768.jpg 1024w, https:\/\/www.jvdiana.de\/cm\/wp-content\/uploads\/2019\/07\/waldforscher5-150x113.jpg 150w\" sizes=\"auto, (max-width: 2048px) 100vw, 2048px\" \/> <img loading=\"lazy\" decoding=\"async\" class=\"alignnone size-full wp-image-563\" src=\"http:\/\/www.jvdiana.de\/cm\/wp-content\/uploads\/2019\/07\/waldforscher7.jpg\" alt=\"\" width=\"2048\" height=\"1536\" srcset=\"https:\/\/www.jvdiana.de\/cm\/wp-content\/uploads\/2019\/07\/waldforscher7.jpg 2048w, https:\/\/www.jvdiana.de\/cm\/wp-content\/uploads\/2019\/07\/waldforscher7-300x225.jpg 300w, https:\/\/www.jvdiana.de\/cm\/wp-content\/uploads\/2019\/07\/waldforscher7-768x576.jpg 768w, https:\/\/www.jvdiana.de\/cm\/wp-content\/uploads\/2019\/07\/waldforscher7-1024x768.jpg 1024w, https:\/\/www.jvdiana.de\/cm\/wp-content\/uploads\/2019\/07\/waldforscher7-150x113.jpg 150w\" sizes=\"auto, (max-width: 2048px) 100vw, 2048px\" \/><\/p>\n<p>Die einzelnen Berichte aus den Revieren zeigten, dass die Rehwildbrunft in vollem Gange war und fast alle Waldforscher reichlich Anblick hatten. Aufgrund der vielen positiven R\u00fcckmeldungen der Jugendlichen und ihrer Eltern werden die Waldforscher-Tage im n\u00e4chsten Jahr mit Sicherheit wiederholt werden.<\/p>\n","protected":false},"excerpt":{"rendered":"<p>Die Jagdvereine Diana H\u00fcnfeld und J\u00e4ger- und Gebrauchshundevereinigung Rh\u00f6n-Vogelsberg boten in Kooperation mit dem Umweltzentrum Fulda einen dreit\u00e4gigen Ferienworkshop f\u00fcr M\u00e4dchen und Jungen zwischen neun und 12 Jahre mit dem Themenschwerpunkt \u201eWaldforscher\u201c an. Die Jugendlichen sollten das \u00d6kosystem Wald mit seinen pflanzlichen und tierischen Bewohnern besser kennen lernen. Im Einzelnen&#8230;<\/p>\n<p> <a class=\"continue-reading-link\" href=\"https:\/\/www.jvdiana.de\/cm\/2018\/08\/07\/waldforscher-tage-2018\/\"><span>Weiterlesen&#8230;<\/span><i class=\"crycon-right-dir\"><\/i><\/a> <\/p>\n","protected":false},"author":1,"featured_media":0,"comment_status":"closed","ping_status":"open","sticky":false,"template":"","format":"standard","meta":{"footnotes":""},"categories":[1,17],"tags":[],"class_list":["post-556","post","type-post","status-publish","format-standard","hentry","category-allgemein","category-veranstaltungen"],"_links":{"self":[{"href":"https:\/\/www.jvdiana.de\/cm\/wp-json\/wp\/v2\/posts\/556","targetHints":{"allow":["GET"]}}],"collection":[{"href":"https:\/\/www.jvdiana.de\/cm\/wp-json\/wp\/v2\/posts"}],"about":[{"href":"https:\/\/www.jvdiana.de\/cm\/wp-json\/wp\/v2\/types\/post"}],"author":[{"embeddable":true,"href":"https:\/\/www.jvdiana.de\/cm\/wp-json\/wp\/v2\/users\/1"}],"replies":[{"embeddable":true,"href":"https:\/\/www.jvdiana.de\/cm\/wp-json\/wp\/v2\/comments?post=556"}],"version-history":[{"count":1,"href":"https:\/\/www.jvdiana.de\/cm\/wp-json\/wp\/v2\/posts\/556\/revisions"}],"predecessor-version":[{"id":564,"href":"https:\/\/www.jvdiana.de\/cm\/wp-json\/wp\/v2\/posts\/556\/revisions\/564"}],"wp:attachment":[{"href":"https:\/\/www.jvdiana.de\/cm\/wp-json\/wp\/v2\/media?parent=556"}],"wp:term":[{"taxonomy":"category","embeddable":true,"href":"https:\/\/www.jvdiana.de\/cm\/wp-json\/wp\/v2\/categories?post=556"},{"taxonomy":"post_tag","embeddable":true,"href":"https:\/\/www.jvdiana.de\/cm\/wp-json\/wp\/v2\/tags?post=556"}],"curies":[{"name":"wp","href":"https:\/\/api.w.org\/{rel}","templated":true}]}}