{"id":565,"date":"2018-08-25T15:30:33","date_gmt":"2018-08-25T13:30:33","guid":{"rendered":"http:\/\/www.jvdiana.de\/cm\/?p=565"},"modified":"2019-07-23T01:46:56","modified_gmt":"2019-07-22T23:46:56","slug":"informationsveranstaltung-in-grossen-buseck","status":"publish","type":"post","link":"https:\/\/www.jvdiana.de\/cm\/2018\/08\/25\/informationsveranstaltung-in-grossen-buseck\/","title":{"rendered":"Informationsveranstaltung in Gro\u00dfen-Buseck"},"content":{"rendered":"<div id=\"attachment_566\" style=\"width: 661px\" class=\"wp-caption alignnone\"><img loading=\"lazy\" decoding=\"async\" aria-describedby=\"caption-attachment-566\" class=\"size-full wp-image-566\" src=\"http:\/\/www.jvdiana.de\/cm\/wp-content\/uploads\/2019\/07\/20180914_infoveranstaltung.png\" alt=\"Flyer Infoveranstaltung\" width=\"651\" height=\"909\" srcset=\"https:\/\/www.jvdiana.de\/cm\/wp-content\/uploads\/2019\/07\/20180914_infoveranstaltung.png 651w, https:\/\/www.jvdiana.de\/cm\/wp-content\/uploads\/2019\/07\/20180914_infoveranstaltung-215x300.png 215w, https:\/\/www.jvdiana.de\/cm\/wp-content\/uploads\/2019\/07\/20180914_infoveranstaltung-107x150.png 107w\" sizes=\"auto, (max-width: 651px) 100vw, 651px\" \/><p id=\"caption-attachment-566\" class=\"wp-caption-text\">Flyer Infoveranstaltung<\/p><\/div>\n<p>EINLADUNG zur Informationsveranstaltung der J\u00e4gerschaft, Landwirtschaft und anderer Naturschutzverb\u00e4nde..<\/p>\n<p>Wann: Freitag, den 14. September 2018 um 19.00 Uhr<br \/>\nWo: Gro\u00dfer Saal des Kulturzentrum Gro\u00dfen-Buseck<br \/>\nWeitere Infos: <a href=\"http:\/\/jv-diana.de\/cms\/images\/src\/20180914_Einladung_infoveranstaltung.pdf\" data-cke-saved-href=\"http:\/\/jv-diana.de\/cms\/images\/src\/20180914_Einladung_infoveranstaltung.pdf\">Link zum PDF<\/a><\/p>\n","protected":false},"excerpt":{"rendered":"<p>EINLADUNG zur Informationsveranstaltung der J\u00e4gerschaft, Landwirtschaft und anderer Naturschutzverb\u00e4nde.. Wann: Freitag, den 14. September 2018 um 19.00 Uhr Wo: Gro\u00dfer Saal des Kulturzentrum Gro\u00dfen-Buseck Weitere Infos: Link zum PDF<\/p>\n<p> <a class=\"continue-reading-link\" href=\"https:\/\/www.jvdiana.de\/cm\/2018\/08\/25\/informationsveranstaltung-in-grossen-buseck\/\"><span>Weiterlesen&#8230;<\/span><i class=\"crycon-right-dir\"><\/i><\/a> <\/p>\n","protected":false},"author":1,"featured_media":0,"comment_status":"closed","ping_status":"open","sticky":false,"template":"","format":"standard","meta":{"footnotes":""},"categories":[1,17],"tags":[],"class_list":["post-565","post","type-post","status-publish","format-standard","hentry","category-allgemein","category-veranstaltungen"],"_links":{"self":[{"href":"https:\/\/www.jvdiana.de\/cm\/wp-json\/wp\/v2\/posts\/565","targetHints":{"allow":["GET"]}}],"collection":[{"href":"https:\/\/www.jvdiana.de\/cm\/wp-json\/wp\/v2\/posts"}],"about":[{"href":"https:\/\/www.jvdiana.de\/cm\/wp-json\/wp\/v2\/types\/post"}],"author":[{"embeddable":true,"href":"https:\/\/www.jvdiana.de\/cm\/wp-json\/wp\/v2\/users\/1"}],"replies":[{"embeddable":true,"href":"https:\/\/www.jvdiana.de\/cm\/wp-json\/wp\/v2\/comments?post=565"}],"version-history":[{"count":1,"href":"https:\/\/www.jvdiana.de\/cm\/wp-json\/wp\/v2\/posts\/565\/revisions"}],"predecessor-version":[{"id":567,"href":"https:\/\/www.jvdiana.de\/cm\/wp-json\/wp\/v2\/posts\/565\/revisions\/567"}],"wp:attachment":[{"href":"https:\/\/www.jvdiana.de\/cm\/wp-json\/wp\/v2\/media?parent=565"}],"wp:term":[{"taxonomy":"category","embeddable":true,"href":"https:\/\/www.jvdiana.de\/cm\/wp-json\/wp\/v2\/categories?post=565"},{"taxonomy":"post_tag","embeddable":true,"href":"https:\/\/www.jvdiana.de\/cm\/wp-json\/wp\/v2\/tags?post=565"}],"curies":[{"name":"wp","href":"https:\/\/api.w.org\/{rel}","templated":true}]}}