{"id":568,"date":"2015-10-31T15:30:24","date_gmt":"2015-10-31T14:30:24","guid":{"rendered":"http:\/\/www.jvdiana.de\/cm\/?p=568"},"modified":"2019-07-23T01:43:35","modified_gmt":"2019-07-22T23:43:35","slug":"anhoerung-live-stream","status":"publish","type":"post","link":"https:\/\/www.jvdiana.de\/cm\/2015\/10\/31\/anhoerung-live-stream\/","title":{"rendered":"Anh\u00f6rung &#8211; Live Stream"},"content":{"rendered":"<p>Die SPM Stifter Press Medien GmbH (Bad Schwalbach) \u00fcbertr\u00e4gt am kommenden Montag, den 2. November im Auftrag des Landesjagdverbandes Hessen Ausschnitte der Landtagsanh\u00f6rung zur hessischen Jagdverordnung per \u201eLivestream\u201c im Internet.<\/p>\n<p>Sie k\u00f6nnen diese Live\u00fcbertragung auf der LJV-Homepage mit verfolgen unter..<\/p>\n<p><a href=\"http:\/\/www.ljv-hessen.org\/\" target=\"_blank\" rel=\"nofollow noopener noreferrer\" data-cke-saved-href=\"http:\/\/www.ljv-hessen.org\/\">http:\/\/www.ljv-hessen.org\/<\/a><\/p>\n<div class=\"text_exposed_show\">\n<p>Der \u201eLivestream\u201c beginnt am Montag, 2. November, ab 7.30 Uhr !<\/p>\n<\/div>\n","protected":false},"excerpt":{"rendered":"<p>Die SPM Stifter Press Medien GmbH (Bad Schwalbach) \u00fcbertr\u00e4gt am kommenden Montag, den 2. November im Auftrag des Landesjagdverbandes Hessen Ausschnitte der Landtagsanh\u00f6rung zur hessischen Jagdverordnung per \u201eLivestream\u201c im Internet. Sie k\u00f6nnen diese Live\u00fcbertragung auf der LJV-Homepage mit verfolgen unter.. http:\/\/www.ljv-hessen.org\/ Der \u201eLivestream\u201c beginnt am Montag, 2. November, ab 7.30&#8230;<\/p>\n<p> <a class=\"continue-reading-link\" href=\"https:\/\/www.jvdiana.de\/cm\/2015\/10\/31\/anhoerung-live-stream\/\"><span>Weiterlesen&#8230;<\/span><i class=\"crycon-right-dir\"><\/i><\/a> <\/p>\n","protected":false},"author":1,"featured_media":0,"comment_status":"closed","ping_status":"open","sticky":false,"template":"","format":"standard","meta":{"footnotes":""},"categories":[1,17],"tags":[],"class_list":["post-568","post","type-post","status-publish","format-standard","hentry","category-allgemein","category-veranstaltungen"],"_links":{"self":[{"href":"https:\/\/www.jvdiana.de\/cm\/wp-json\/wp\/v2\/posts\/568","targetHints":{"allow":["GET"]}}],"collection":[{"href":"https:\/\/www.jvdiana.de\/cm\/wp-json\/wp\/v2\/posts"}],"about":[{"href":"https:\/\/www.jvdiana.de\/cm\/wp-json\/wp\/v2\/types\/post"}],"author":[{"embeddable":true,"href":"https:\/\/www.jvdiana.de\/cm\/wp-json\/wp\/v2\/users\/1"}],"replies":[{"embeddable":true,"href":"https:\/\/www.jvdiana.de\/cm\/wp-json\/wp\/v2\/comments?post=568"}],"version-history":[{"count":1,"href":"https:\/\/www.jvdiana.de\/cm\/wp-json\/wp\/v2\/posts\/568\/revisions"}],"predecessor-version":[{"id":569,"href":"https:\/\/www.jvdiana.de\/cm\/wp-json\/wp\/v2\/posts\/568\/revisions\/569"}],"wp:attachment":[{"href":"https:\/\/www.jvdiana.de\/cm\/wp-json\/wp\/v2\/media?parent=568"}],"wp:term":[{"taxonomy":"category","embeddable":true,"href":"https:\/\/www.jvdiana.de\/cm\/wp-json\/wp\/v2\/categories?post=568"},{"taxonomy":"post_tag","embeddable":true,"href":"https:\/\/www.jvdiana.de\/cm\/wp-json\/wp\/v2\/tags?post=568"}],"curies":[{"name":"wp","href":"https:\/\/api.w.org\/{rel}","templated":true}]}}