{"id":701,"date":"2019-07-26T21:47:39","date_gmt":"2019-07-26T19:47:39","guid":{"rendered":"http:\/\/www.jvdiana.de\/cm\/?p=701"},"modified":"2019-07-26T22:14:13","modified_gmt":"2019-07-26T20:14:13","slug":"vorstellungsabend-am-25-07-2019","status":"publish","type":"post","link":"https:\/\/www.jvdiana.de\/cm\/2019\/07\/26\/vorstellungsabend-am-25-07-2019\/","title":{"rendered":"Vorstellungsabend am 25.07.2019"},"content":{"rendered":"<div id=\"attachment_702\" style=\"width: 910px\" class=\"wp-caption alignnone\"><img loading=\"lazy\" decoding=\"async\" aria-describedby=\"caption-attachment-702\" class=\"size-large wp-image-702\" src=\"http:\/\/www.jvdiana.de\/cm\/wp-content\/uploads\/2019\/07\/Foto-25.07.19-20-26-37-1024x768.jpg\" alt=\"Vorstellungsabend 2019\" width=\"900\" height=\"675\" srcset=\"https:\/\/www.jvdiana.de\/cm\/wp-content\/uploads\/2019\/07\/Foto-25.07.19-20-26-37-1024x768.jpg 1024w, https:\/\/www.jvdiana.de\/cm\/wp-content\/uploads\/2019\/07\/Foto-25.07.19-20-26-37-300x225.jpg 300w, https:\/\/www.jvdiana.de\/cm\/wp-content\/uploads\/2019\/07\/Foto-25.07.19-20-26-37-768x576.jpg 768w, https:\/\/www.jvdiana.de\/cm\/wp-content\/uploads\/2019\/07\/Foto-25.07.19-20-26-37-150x113.jpg 150w, https:\/\/www.jvdiana.de\/cm\/wp-content\/uploads\/2019\/07\/Foto-25.07.19-20-26-37-1200x900.jpg 1200w\" sizes=\"auto, (max-width: 900px) 100vw, 900px\" \/><p id=\"caption-attachment-702\" class=\"wp-caption-text\">Vorstellungsabend am 25.07.2019 in den R\u00e4umlichkeiten auf dem Schie\u00dfstand Rosskuppe in Dammersbach.<\/p><\/div>\n<p>Reges Interesse fand der Vorstellungsabend am 25.07.2019 auf dem Schie\u00dfstand Rosskuppe. Viele Interessenten ergriffen die Chance sich direkt &amp; pers\u00f6nlich bei den Ausbildern zu informieren und sich auch schon verbindlich f\u00fcr den Jungj\u00e4gerlehrgang 2019 \/ 2020 anzumelden. Da der Lehrgang Ende August 2019 starten wird, sind bis dahin immer noch Anmeldungen m\u00f6glich.<\/p>\n<p>Interesse? Dann melden Sie sich noch heute f\u00fcr den Jungj\u00e4gerkurs des Jagdverein Diana H\u00fcnfeld, denn der Verein bietet auch in diesem Jahr wieder eine Jungj\u00e4gerausbildung an. Durch Blockunterricht in zweiw\u00f6chigem Turnus und den Schie\u00dfstand als Zentrale Ausbildungsst\u00e4tte hat es der Verein mittlerweile geschafft, die Anfahrtszeiten und Fahrtkosten f\u00fcr die Teilnehmer auf ein Minimum zu reduzieren. Der Verein erm\u00f6glicht damit auch beruflich sehr engagierten Interessenten die Kursteilnahme. Ein mit vielen Exponaten ausgestatteter Schulungsraum auf dem Schie\u00dfstand macht den Unterricht attraktiver und das Wissen kann in direkter Kombination mit den praxisrelevanten Themen kompakter vermittelt werden.<\/p>\n<p>Interessenten erhalten Informationen beim Lehrgangsleiter<\/p>\n<p>Herrn Joerg Hartmann<br \/>\nTel.: +49 151 466 13 126<br \/>\nE-Mail:\u00a0<a href=\"mailto:info@jv-diana.de\">info@jv-diana.de<\/a><\/p>\n<p>Internet:\u00a0<a href=\"http:\/\/www.jv-diana.de\/\">http:\/\/www.jv-diana.de<\/a><\/p>\n<p>&nbsp;<\/p>\n<p>&nbsp;<\/p>\n<p>&nbsp;<\/p>\n","protected":false},"excerpt":{"rendered":"<p>Reges Interesse fand der Vorstellungsabend am 25.07.2019 auf dem Schie\u00dfstand Rosskuppe. Viele Interessenten ergriffen die Chance sich direkt &amp; pers\u00f6nlich bei den Ausbildern zu informieren und sich auch schon verbindlich f\u00fcr den Jungj\u00e4gerlehrgang 2019 \/ 2020 anzumelden. Da der Lehrgang Ende August 2019 starten wird, sind bis dahin immer noch&#8230;<\/p>\n<p> <a class=\"continue-reading-link\" href=\"https:\/\/www.jvdiana.de\/cm\/2019\/07\/26\/vorstellungsabend-am-25-07-2019\/\"><span>Weiterlesen&#8230;<\/span><i class=\"crycon-right-dir\"><\/i><\/a> <\/p>\n","protected":false},"author":1,"featured_media":0,"comment_status":"closed","ping_status":"open","sticky":false,"template":"","format":"standard","meta":{"footnotes":""},"categories":[1,10,18,17],"tags":[],"class_list":["post-701","post","type-post","status-publish","format-standard","hentry","category-allgemein","category-jungjaeger","category-lehrgaenge","category-veranstaltungen"],"_links":{"self":[{"href":"https:\/\/www.jvdiana.de\/cm\/wp-json\/wp\/v2\/posts\/701","targetHints":{"allow":["GET"]}}],"collection":[{"href":"https:\/\/www.jvdiana.de\/cm\/wp-json\/wp\/v2\/posts"}],"about":[{"href":"https:\/\/www.jvdiana.de\/cm\/wp-json\/wp\/v2\/types\/post"}],"author":[{"embeddable":true,"href":"https:\/\/www.jvdiana.de\/cm\/wp-json\/wp\/v2\/users\/1"}],"replies":[{"embeddable":true,"href":"https:\/\/www.jvdiana.de\/cm\/wp-json\/wp\/v2\/comments?post=701"}],"version-history":[{"count":3,"href":"https:\/\/www.jvdiana.de\/cm\/wp-json\/wp\/v2\/posts\/701\/revisions"}],"predecessor-version":[{"id":705,"href":"https:\/\/www.jvdiana.de\/cm\/wp-json\/wp\/v2\/posts\/701\/revisions\/705"}],"wp:attachment":[{"href":"https:\/\/www.jvdiana.de\/cm\/wp-json\/wp\/v2\/media?parent=701"}],"wp:term":[{"taxonomy":"category","embeddable":true,"href":"https:\/\/www.jvdiana.de\/cm\/wp-json\/wp\/v2\/categories?post=701"},{"taxonomy":"post_tag","embeddable":true,"href":"https:\/\/www.jvdiana.de\/cm\/wp-json\/wp\/v2\/tags?post=701"}],"curies":[{"name":"wp","href":"https:\/\/api.w.org\/{rel}","templated":true}]}}