{"id":782,"date":"2019-08-30T22:10:28","date_gmt":"2019-08-30T20:10:28","guid":{"rendered":"https:\/\/www.jvdiana.de\/cm\/?p=782"},"modified":"2019-08-30T22:19:33","modified_gmt":"2019-08-30T20:19:33","slug":"hessische-landvolk-hochschule-jagdrechts-und-wildschadensseminare-2019","status":"publish","type":"post","link":"https:\/\/www.jvdiana.de\/cm\/2019\/08\/30\/hessische-landvolk-hochschule-jagdrechts-und-wildschadensseminare-2019\/","title":{"rendered":"Hessische Landvolk-Hochschule &#8211; Jagdrechts- und Wildschadensseminare 2019"},"content":{"rendered":"<div id=\"attachment_783\" style=\"width: 910px\" class=\"wp-caption alignnone\"><img loading=\"lazy\" decoding=\"async\" aria-describedby=\"caption-attachment-783\" class=\"size-large wp-image-783\" src=\"https:\/\/www.jvdiana.de\/cm\/wp-content\/uploads\/2019\/08\/hess_landvolk-hochschule-1024x705.png\" alt=\"Hessische Landvolk-Hochschule\" width=\"900\" height=\"620\" srcset=\"https:\/\/www.jvdiana.de\/cm\/wp-content\/uploads\/2019\/08\/hess_landvolk-hochschule-1024x705.png 1024w, https:\/\/www.jvdiana.de\/cm\/wp-content\/uploads\/2019\/08\/hess_landvolk-hochschule-300x206.png 300w, https:\/\/www.jvdiana.de\/cm\/wp-content\/uploads\/2019\/08\/hess_landvolk-hochschule-768x528.png 768w, https:\/\/www.jvdiana.de\/cm\/wp-content\/uploads\/2019\/08\/hess_landvolk-hochschule-150x103.png 150w, https:\/\/www.jvdiana.de\/cm\/wp-content\/uploads\/2019\/08\/hess_landvolk-hochschule.png 1183w\" sizes=\"auto, (max-width: 900px) 100vw, 900px\" \/><p id=\"caption-attachment-783\" class=\"wp-caption-text\">Quelle: Hessische Landvolk-Hochschule<\/p><\/div>\n<p>Info E-Mail vom 27.08.2019<\/p>\n<p>Sehr geehrte Damen und Herren,<\/p>\n<p><span id=\"divtagdefaultwrapper\"><\/span>die Hessische Landvolk-Hochschule bietet in Kooperation mit dem Verband der Jagdgenossenschaften und Eigenjagdbesitzer in Hessen e.V. (VJEH)\u00a0 wieder Seminare zu den Themen Wildschaden und Jagdrecht an. F\u00fcr unsere Seminare jetzt im Herbst haben wir noch\u00a0<strong>Restpl\u00e4tze frei<\/strong> und w\u00fcrden uns freuen, wenn wir diese\u00a0mit Teilnehmern aus Ihren Reihen besetzen k\u00f6nnten.<br \/>\nAls Anlage \u00fcbersenden wir Ihnen die Seminarpl\u00e4ne und das Anmeldeformular, sowie unseren aktuellen Flyer, mit der Bitte um Weiterleitung an die zust\u00e4ndigen Personen\/Stellen.<\/p>\n<p>&#8212;<br \/>\n<a href=\"https:\/\/www.jvdiana.de\/cm\/wp-content\/uploads\/2019\/08\/Seminarplan-Wildschadensseminar-Herbst-2019.pdf\">Seminarplan Wildschadensseminar Herbst 2019<\/a><br \/>\n<a href=\"https:\/\/www.jvdiana.de\/cm\/wp-content\/uploads\/2019\/08\/Seminarplan-Wildschadensseminar-Fr\u00fchjahr-2020.pdf\">Seminarplan Wildschadensseminar Fr\u00fchjahr 2020<\/a><br \/>\n<a href=\"https:\/\/www.jvdiana.de\/cm\/wp-content\/uploads\/2019\/08\/Seminarplan-Jagdrechtsseminar-Herbst-2019.pdf\">Seminarplan Jagdrechtsseminar Herbst 2019<\/a><br \/>\n<a href=\"https:\/\/www.jvdiana.de\/cm\/wp-content\/uploads\/2019\/08\/Seminarplan-Jagdrechtsseminar-Fr\u00fchjahr-2020.pdf\">Seminarplan Jagdrechtsseminar Fr\u00fchjahr 2020<\/a><br \/>\n<a href=\"https:\/\/www.jvdiana.de\/cm\/wp-content\/uploads\/2019\/08\/Flyer-Jagdrecht-und-Wildschaden-2019.pdf\">Flyer Jagdrecht und Wildschaden 2019<\/a><br \/>\n<span style=\"font-family: Ubuntu;\">&#8212;<br \/>\n<\/span><\/p>\n<p>Folgende <u>Termine<\/u> stehen zur Auswahl:<\/p>\n<p><strong>Wildschadensseminare:<\/strong><\/p>\n<p>am 10. September 2019 in Friedrichsdorf (Anmeldeschluss: 03.09.2019)<\/p>\n<p>am 17. September 2019 in Alsfeld-Eudorf (Anmeldeschluss: 10.09.2019)<\/p>\n<p>am 31. M\u00e4rz 2020 in Friedrichsdorf<\/p>\n<p>am 02. April 2020 in Alsafeld-Eudorf<\/p>\n<p><strong>Jagdrechtsseminare:<\/strong><\/p>\n<p>am 24. September 2019 in Alsfeld-Eudorf (Anmeldeschluss: 17.09.2019)<\/p>\n<p>am 19. M\u00e4rz 2020 in Alsfeld-Eudorf<\/p>\n<p>Die <u>Veranstaltungsorte<\/u> sind&#8230;<\/p>\n<p>TaunusTagungsHotel<br \/>\nLochm\u00fchlenweg 3<br \/>\n61381 Friedrichsdorf<\/p>\n<p>und<\/p>\n<p>Hotel &#8222;Zur Schmiede&#8220;<br \/>\nZiegenhainer Stra\u00dfe 26<br \/>\n36304 Alsfeld-Eudorf<\/p>\n<p>Bitte nutzen Sie f\u00fcr Ihre Anmeldungen das <u>Anmeldeformular<\/u> und schicken es an die<\/p>\n<p>Hessische Landvolk-Hochschule<br \/>\nLochm\u00fchlenweg 3<br \/>\n61381 Friedrichsdorf<br \/>\nE-Mail: hlh@agrinet.de<br \/>\nFax: 06172 7106-313<\/p>\n<p>Bitte beachten Sie, dass nur schriftliche Anmeldungen entgegen genommen werden k\u00f6nnen!<\/p>\n<p>Zum Nachweis der Mitgliedschaft beim Verband der Jagdgenossenschaften und Eigenjagdbesitzer in Hessen e.V. (VJEH) ben\u00f6tigen wir eine Bescheinigung des Kreisverbandes (beispielsweise Rechnung). Sollte keine Bescheinigung vorliegen, berechnen wir die Geb\u00fchr f\u00fcr Nichtmitglieder. Der Nachweis ist mit der Anmeldung einzureichen.<\/p>\n<p>F\u00fcr R\u00fcckfragen stehen wir Ihnen jederzeit gerne zur Verf\u00fcgung.<\/p>\n<p>Mit freundlichen Gr\u00fc\u00dfen aus Friedrichsdorf<\/p>\n<p>Verein f\u00fcr Landvolkbildung e.V.<\/p>\n<p>Hessische Landvolk-Hochschule<\/p>\n<p>Julia Linn<\/p>\n<p>Sekretariat<br \/>\nVerein f\u00fcr Landvolkbildung e.V.<br \/>\nLochm\u00fchlenweg 3<br \/>\n61381 Friedrichsdorf<br \/>\nE-Mail: <a>hlh@agrinet.de<br \/>\n<\/a><a href=\"http:\/\/www.hess.landvolk-hochschule.de\/\">www.hess.landvolk-hochschule.de<\/a><br \/>\nTel.: 06172\/7106-312 (im TaunusTagungsHotel)<\/p>\n","protected":false},"excerpt":{"rendered":"<p>Info E-Mail vom 27.08.2019 Sehr geehrte Damen und Herren, die Hessische Landvolk-Hochschule bietet in Kooperation mit dem Verband der Jagdgenossenschaften und Eigenjagdbesitzer in Hessen e.V. (VJEH)\u00a0 wieder Seminare zu den Themen Wildschaden und Jagdrecht an. F\u00fcr unsere Seminare jetzt im Herbst haben wir noch\u00a0Restpl\u00e4tze frei und w\u00fcrden uns freuen, wenn&#8230;<\/p>\n<p> <a class=\"continue-reading-link\" href=\"https:\/\/www.jvdiana.de\/cm\/2019\/08\/30\/hessische-landvolk-hochschule-jagdrechts-und-wildschadensseminare-2019\/\"><span>Weiterlesen&#8230;<\/span><i class=\"crycon-right-dir\"><\/i><\/a> <\/p>\n","protected":false},"author":1,"featured_media":0,"comment_status":"closed","ping_status":"open","sticky":false,"template":"","format":"standard","meta":{"footnotes":""},"categories":[1,17],"tags":[],"class_list":["post-782","post","type-post","status-publish","format-standard","hentry","category-allgemein","category-veranstaltungen"],"_links":{"self":[{"href":"https:\/\/www.jvdiana.de\/cm\/wp-json\/wp\/v2\/posts\/782","targetHints":{"allow":["GET"]}}],"collection":[{"href":"https:\/\/www.jvdiana.de\/cm\/wp-json\/wp\/v2\/posts"}],"about":[{"href":"https:\/\/www.jvdiana.de\/cm\/wp-json\/wp\/v2\/types\/post"}],"author":[{"embeddable":true,"href":"https:\/\/www.jvdiana.de\/cm\/wp-json\/wp\/v2\/users\/1"}],"replies":[{"embeddable":true,"href":"https:\/\/www.jvdiana.de\/cm\/wp-json\/wp\/v2\/comments?post=782"}],"version-history":[{"count":4,"href":"https:\/\/www.jvdiana.de\/cm\/wp-json\/wp\/v2\/posts\/782\/revisions"}],"predecessor-version":[{"id":793,"href":"https:\/\/www.jvdiana.de\/cm\/wp-json\/wp\/v2\/posts\/782\/revisions\/793"}],"wp:attachment":[{"href":"https:\/\/www.jvdiana.de\/cm\/wp-json\/wp\/v2\/media?parent=782"}],"wp:term":[{"taxonomy":"category","embeddable":true,"href":"https:\/\/www.jvdiana.de\/cm\/wp-json\/wp\/v2\/categories?post=782"},{"taxonomy":"post_tag","embeddable":true,"href":"https:\/\/www.jvdiana.de\/cm\/wp-json\/wp\/v2\/tags?post=782"}],"curies":[{"name":"wp","href":"https:\/\/api.w.org\/{rel}","templated":true}]}}