{"id":808,"date":"2019-09-19T19:13:34","date_gmt":"2019-09-19T17:13:34","guid":{"rendered":"https:\/\/www.jvdiana.de\/cm\/?p=808"},"modified":"2019-09-21T13:20:39","modified_gmt":"2019-09-21T11:20:39","slug":"massnahmen-auf-dem-schiessstand-rosskuppe","status":"publish","type":"post","link":"https:\/\/www.jvdiana.de\/cm\/2019\/09\/19\/massnahmen-auf-dem-schiessstand-rosskuppe\/","title":{"rendered":"Ma\u00dfnahmen auf dem Schie\u00dfstand Rosskuppe"},"content":{"rendered":"<div id=\"attachment_811\" style=\"width: 910px\" class=\"wp-caption alignnone\"><img loading=\"lazy\" decoding=\"async\" aria-describedby=\"caption-attachment-811\" class=\"wp-image-811 size-large\" src=\"https:\/\/www.jvdiana.de\/cm\/wp-content\/uploads\/2019\/09\/DJI_0218_markiert-1024x576.jpg\" alt=\"Hier wurde kr\u00e4ftig investiert.\" width=\"900\" height=\"506\" srcset=\"https:\/\/www.jvdiana.de\/cm\/wp-content\/uploads\/2019\/09\/DJI_0218_markiert-1024x576.jpg 1024w, https:\/\/www.jvdiana.de\/cm\/wp-content\/uploads\/2019\/09\/DJI_0218_markiert-300x169.jpg 300w, https:\/\/www.jvdiana.de\/cm\/wp-content\/uploads\/2019\/09\/DJI_0218_markiert-768x432.jpg 768w, https:\/\/www.jvdiana.de\/cm\/wp-content\/uploads\/2019\/09\/DJI_0218_markiert-150x84.jpg 150w, https:\/\/www.jvdiana.de\/cm\/wp-content\/uploads\/2019\/09\/DJI_0218_markiert-1200x675.jpg 1200w\" sizes=\"auto, (max-width: 900px) 100vw, 900px\" \/><p id=\"caption-attachment-811\" class=\"wp-caption-text\">Hier wurde kr\u00e4ftig investiert<\/p><\/div>\n<p>Der Jagdverein Diana hat in diesem Jahr kr\u00e4ftig in sein Aush\u00e4ngeschild, den Schie\u00dfstand Rosskuppe investiert. Die Sanierungsma\u00dfnahmen resultierten aus dem Schie\u00dfstandgutachten, das im Abstand von 4 Jahren durch einen unabh\u00e4ngigen Gutachter durchgef\u00fchrt werden muss. Um insbesondere den aktuellen Umweltschutz- und Sicherheitsbestimmungen gerecht zu werden, musste der Verein eine hohe f\u00fcnfstellige Summe aufbringen. Da diese aus eigenen Mitteln kaum zu stemmen war, wurden F\u00f6rdergelder aus der Jagdabgabe beim hessischen Ministerium f\u00fcr Umwelt, Klimaschutz, Landwirtschaft und Verbraucherschutz beantragt. Hier bekam der Verein einen Zuschuss i.H.v. 36.400 Euro. Zu Beginn musste die fachgerechte Entsorgung des mit Geschossfragmenten durchsetzten Erdreichs auf dem Kugelstand erfolgen. Im Anschluss wurde der alte Geschossfang komplett abgerissen und neu errichtet.<\/p>\n<div id=\"attachment_809\" style=\"width: 910px\" class=\"wp-caption alignnone\"><img loading=\"lazy\" decoding=\"async\" aria-describedby=\"caption-attachment-809\" class=\"wp-image-809 size-large\" src=\"https:\/\/www.jvdiana.de\/cm\/wp-content\/uploads\/2019\/09\/DSC_0006-1024x680.jpg\" alt=\"Der neue Geschossfang auf dem Kugelstand\" width=\"900\" height=\"598\" srcset=\"https:\/\/www.jvdiana.de\/cm\/wp-content\/uploads\/2019\/09\/DSC_0006-1024x680.jpg 1024w, https:\/\/www.jvdiana.de\/cm\/wp-content\/uploads\/2019\/09\/DSC_0006-300x199.jpg 300w, https:\/\/www.jvdiana.de\/cm\/wp-content\/uploads\/2019\/09\/DSC_0006-768x510.jpg 768w, https:\/\/www.jvdiana.de\/cm\/wp-content\/uploads\/2019\/09\/DSC_0006-150x100.jpg 150w, https:\/\/www.jvdiana.de\/cm\/wp-content\/uploads\/2019\/09\/DSC_0006-1200x797.jpg 1200w\" sizes=\"auto, (max-width: 900px) 100vw, 900px\" \/><p id=\"caption-attachment-809\" class=\"wp-caption-text\">Der neue Geschossfang auf dem Kugelstand<\/p><\/div>\n<p>Auffangbeh\u00e4lter aus Stahl sorgen nun daf\u00fcr, dass keine Geschossfragmente mehr ins Erdreich gelangen. Gummierte Matten und schneckenf\u00f6rmige Windungen direkt hinter den Zielscheiben absorbieren die Energie der Projektile und leiten diese direkt ins Innere der Beh\u00e4lter. Dies sorgt auch f\u00fcr eine erhebliche Erleichterung bei der zuk\u00fcnftigen Entsorgung.<\/p>\n<div id=\"attachment_810\" style=\"width: 910px\" class=\"wp-caption alignnone\"><img loading=\"lazy\" decoding=\"async\" aria-describedby=\"caption-attachment-810\" class=\"wp-image-810 size-large\" src=\"https:\/\/www.jvdiana.de\/cm\/wp-content\/uploads\/2019\/09\/DSC_0017-1024x680.jpg\" alt=\"Die Stahlbeh\u00e4lter hinter den Scheiben - mehr Umweltschutz &amp; Sicherheit\" width=\"900\" height=\"598\" srcset=\"https:\/\/www.jvdiana.de\/cm\/wp-content\/uploads\/2019\/09\/DSC_0017-1024x680.jpg 1024w, https:\/\/www.jvdiana.de\/cm\/wp-content\/uploads\/2019\/09\/DSC_0017-300x199.jpg 300w, https:\/\/www.jvdiana.de\/cm\/wp-content\/uploads\/2019\/09\/DSC_0017-768x510.jpg 768w, https:\/\/www.jvdiana.de\/cm\/wp-content\/uploads\/2019\/09\/DSC_0017-150x100.jpg 150w, https:\/\/www.jvdiana.de\/cm\/wp-content\/uploads\/2019\/09\/DSC_0017-1200x797.jpg 1200w\" sizes=\"auto, (max-width: 900px) 100vw, 900px\" \/><p id=\"caption-attachment-810\" class=\"wp-caption-text\">Die Stahlbeh\u00e4lter hinter den Scheiben &amp; Gummimatten &#8211; mehr Umweltschutz &amp; Sicherheit<\/p><\/div>\n<p>Tief sa\u00df der Schock bei den Verantwortlichen des Vereins, als am 10. M\u00e4rz diesen Jahres eine Buche die H\u00fctte auf dem Schie\u00dfstand schwer besch\u00e4digte.<span style=\"display: inline !important; float: none; background-color: #ffffff; color: #333333; cursor: text; font-family: Georgia,'Bitstream Charter',serif; font-size: 18px; font-style: normal; font-variant: normal; font-weight: 400; letter-spacing: normal; line-height: 1.5; orphans: 2; text-align: left; text-decoration: none; text-indent: 0px; text-transform: none; -webkit-text-stroke-width: 0px; white-space: normal; word-spacing: 0px;\">Das Sturmtief Eberhard brachte den Baum zu fall und zerst\u00f6rte damit fast das komplette Mobiliar. Die Aufr\u00e4umarbeiten wurden durch Vereinsmitglieder in Eigenleistung erbracht. <\/span><\/p>\n<div id=\"attachment_812\" style=\"width: 910px\" class=\"wp-caption alignnone\"><img loading=\"lazy\" decoding=\"async\" aria-describedby=\"caption-attachment-812\" class=\"size-large wp-image-812\" src=\"https:\/\/www.jvdiana.de\/cm\/wp-content\/uploads\/2019\/09\/DJI_0162-1024x576.jpg\" alt=\"Das zerst\u00f6rte Dach der H\u00fctte, dem Ausbildungszentrum f\u00fcr die Jungj\u00e4gerausbildung auf dem Schie\u00dfstand Rosskuppe. Foto: Matthias Bender\" width=\"900\" height=\"506\" srcset=\"https:\/\/www.jvdiana.de\/cm\/wp-content\/uploads\/2019\/09\/DJI_0162-1024x576.jpg 1024w, https:\/\/www.jvdiana.de\/cm\/wp-content\/uploads\/2019\/09\/DJI_0162-300x169.jpg 300w, https:\/\/www.jvdiana.de\/cm\/wp-content\/uploads\/2019\/09\/DJI_0162-768x432.jpg 768w, https:\/\/www.jvdiana.de\/cm\/wp-content\/uploads\/2019\/09\/DJI_0162-150x84.jpg 150w, https:\/\/www.jvdiana.de\/cm\/wp-content\/uploads\/2019\/09\/DJI_0162-1200x675.jpg 1200w\" sizes=\"auto, (max-width: 900px) 100vw, 900px\" \/><p id=\"caption-attachment-812\" class=\"wp-caption-text\">Das zerst\u00f6rte Dach der H\u00fctte, dem Ausbildungszentrum f\u00fcr die Jungj\u00e4gerausbildung auf dem Schie\u00dfstand Rosskuppe<\/p><\/div>\n<div id=\"attachment_813\" style=\"width: 910px\" class=\"wp-caption alignnone\"><img loading=\"lazy\" decoding=\"async\" aria-describedby=\"caption-attachment-813\" class=\"size-large wp-image-813\" src=\"https:\/\/www.jvdiana.de\/cm\/wp-content\/uploads\/2019\/09\/DJI_0160-1024x576.jpg\" alt=\"Gro\u00dfe Teile des Mobiliars wurden zerst\u00f6rt. Foto: Matthias Bender\" width=\"900\" height=\"506\" srcset=\"https:\/\/www.jvdiana.de\/cm\/wp-content\/uploads\/2019\/09\/DJI_0160-1024x576.jpg 1024w, https:\/\/www.jvdiana.de\/cm\/wp-content\/uploads\/2019\/09\/DJI_0160-300x169.jpg 300w, https:\/\/www.jvdiana.de\/cm\/wp-content\/uploads\/2019\/09\/DJI_0160-768x432.jpg 768w, https:\/\/www.jvdiana.de\/cm\/wp-content\/uploads\/2019\/09\/DJI_0160-150x84.jpg 150w, https:\/\/www.jvdiana.de\/cm\/wp-content\/uploads\/2019\/09\/DJI_0160-1200x675.jpg 1200w\" sizes=\"auto, (max-width: 900px) 100vw, 900px\" \/><p id=\"caption-attachment-813\" class=\"wp-caption-text\">Gro\u00dfe Teile des Mobiliars wurden zerst\u00f6rt<\/p><\/div>\n<p>Dabei konnte auch ein Gro\u00dfteil der so wichtigen Pr\u00e4parate f\u00fcr die Jungj\u00e4gerausbildung gerettet werden. F\u00fcr den Wiederaufbau hat der Verein auch hier Zusch\u00fcsse vom Ministerium beantragt und kurzfristig zugesagt bekommen. Auch wurde einem vorzeitigen Ma\u00dfnahmenbeginn Ende M\u00e4rz stattgegeben, um die noch bestehenden W\u00e4nde vor eindringendem Wasser sch\u00fctzen zu k\u00f6nnen. Das Dach konnte bereits im April final fertiggestellt werden. Den endg\u00fcltigen Zuwendungsbescheid i.H.v. 17.700 \u20ac erhielt der Verein dann am 17. Juli. Der Innenraum wurde in Eigenleistung und auf eigene Kosten saniert, kleinere Arbeiten sind noch durchzuf\u00fchren, der gr\u00f6\u00dfte Teile ist erledigt und der Unterricht des neuen Jungj\u00e4gerkurses findet bereits seit Anfang September in der H\u00fctte statt.<\/p>\n<div id=\"attachment_814\" style=\"width: 910px\" class=\"wp-caption alignnone\"><img loading=\"lazy\" decoding=\"async\" aria-describedby=\"caption-attachment-814\" class=\"size-large wp-image-814\" src=\"https:\/\/www.jvdiana.de\/cm\/wp-content\/uploads\/2019\/09\/DJI_0211-1024x576.jpg\" alt=\"Das neue Dach der H\u00fctte wurde rechtzeitig fertig, damit auch der Jungj\u00e4gerkurs 2019 \/ 2020 wie gewohnt durchgef\u00fchrt werden kann. Foto: Matthias Bender\" width=\"900\" height=\"506\" srcset=\"https:\/\/www.jvdiana.de\/cm\/wp-content\/uploads\/2019\/09\/DJI_0211-1024x576.jpg 1024w, https:\/\/www.jvdiana.de\/cm\/wp-content\/uploads\/2019\/09\/DJI_0211-300x169.jpg 300w, https:\/\/www.jvdiana.de\/cm\/wp-content\/uploads\/2019\/09\/DJI_0211-768x432.jpg 768w, https:\/\/www.jvdiana.de\/cm\/wp-content\/uploads\/2019\/09\/DJI_0211-150x84.jpg 150w, https:\/\/www.jvdiana.de\/cm\/wp-content\/uploads\/2019\/09\/DJI_0211-1200x675.jpg 1200w\" sizes=\"auto, (max-width: 900px) 100vw, 900px\" \/><p id=\"caption-attachment-814\" class=\"wp-caption-text\">Das neue Dach der H\u00fctte wurde rechtzeitig fertig&#8230;<\/p><\/div>\n<div id=\"attachment_815\" style=\"width: 910px\" class=\"wp-caption alignnone\"><img loading=\"lazy\" decoding=\"async\" aria-describedby=\"caption-attachment-815\" class=\"wp-image-815 size-large\" src=\"https:\/\/www.jvdiana.de\/cm\/wp-content\/uploads\/2019\/09\/DJI_0212-1024x576.jpg\" alt=\"damit auch der Jungj\u00e4gerkurs 2019 \/ 2020 wie gewohnt durchgef\u00fchrt werden kann. Foto: Matthias Bender\" width=\"900\" height=\"506\" srcset=\"https:\/\/www.jvdiana.de\/cm\/wp-content\/uploads\/2019\/09\/DJI_0212-1024x576.jpg 1024w, https:\/\/www.jvdiana.de\/cm\/wp-content\/uploads\/2019\/09\/DJI_0212-300x169.jpg 300w, https:\/\/www.jvdiana.de\/cm\/wp-content\/uploads\/2019\/09\/DJI_0212-768x432.jpg 768w, https:\/\/www.jvdiana.de\/cm\/wp-content\/uploads\/2019\/09\/DJI_0212-150x84.jpg 150w, https:\/\/www.jvdiana.de\/cm\/wp-content\/uploads\/2019\/09\/DJI_0212-1200x675.jpg 1200w\" sizes=\"auto, (max-width: 900px) 100vw, 900px\" \/><p id=\"caption-attachment-815\" class=\"wp-caption-text\">&#8230;damit auch der Jungj\u00e4gerkurs 2019 \/ 2020 wie gewohnt durchgef\u00fchrt werden kann. Fotos: Matthias Bender<\/p><\/div>\n<p>Der Verein hat damit den weiteren Betrieb des Schie\u00dfstandes f\u00fcr die n\u00e4chsten Jahre sichergestellt. Die Landesmeisterschaften im jagdlichen Schie\u00dfen konnten im Juni diesen Jahres durchgef\u00fchrt werden und auch f\u00fcr zuk\u00fcnftige Landesmeisterschaften ist der Schie\u00dfstand Rosskuppe ger\u00fcstet. Der Verein bedankt sich recht herzlich beim Land Hessen f\u00fcr die F\u00f6rdergelder, den Mitgliedern f\u00fcr das Vertrauen und die tatkr\u00e4ftige Unterst\u00fctzung und nicht zuletzt HessenForst &#8211; dem Forstamt Burghaun.<\/p>\n","protected":false},"excerpt":{"rendered":"<p>Der Jagdverein Diana hat in diesem Jahr kr\u00e4ftig in sein Aush\u00e4ngeschild, den Schie\u00dfstand Rosskuppe investiert. Die Sanierungsma\u00dfnahmen resultierten aus dem Schie\u00dfstandgutachten, das im Abstand von 4 Jahren durch einen unabh\u00e4ngigen Gutachter durchgef\u00fchrt werden muss. Um insbesondere den aktuellen Umweltschutz- und Sicherheitsbestimmungen gerecht zu werden, musste der Verein eine hohe f\u00fcnfstellige&#8230;<\/p>\n<p> <a class=\"continue-reading-link\" href=\"https:\/\/www.jvdiana.de\/cm\/2019\/09\/19\/massnahmen-auf-dem-schiessstand-rosskuppe\/\"><span>Weiterlesen&#8230;<\/span><i class=\"crycon-right-dir\"><\/i><\/a> <\/p>\n","protected":false},"author":1,"featured_media":0,"comment_status":"closed","ping_status":"open","sticky":false,"template":"","format":"standard","meta":{"footnotes":""},"categories":[1,10,11,19],"tags":[],"class_list":["post-808","post","type-post","status-publish","format-standard","hentry","category-allgemein","category-jungjaeger","category-schiesswesen","category-wissenswertes"],"_links":{"self":[{"href":"https:\/\/www.jvdiana.de\/cm\/wp-json\/wp\/v2\/posts\/808","targetHints":{"allow":["GET"]}}],"collection":[{"href":"https:\/\/www.jvdiana.de\/cm\/wp-json\/wp\/v2\/posts"}],"about":[{"href":"https:\/\/www.jvdiana.de\/cm\/wp-json\/wp\/v2\/types\/post"}],"author":[{"embeddable":true,"href":"https:\/\/www.jvdiana.de\/cm\/wp-json\/wp\/v2\/users\/1"}],"replies":[{"embeddable":true,"href":"https:\/\/www.jvdiana.de\/cm\/wp-json\/wp\/v2\/comments?post=808"}],"version-history":[{"count":3,"href":"https:\/\/www.jvdiana.de\/cm\/wp-json\/wp\/v2\/posts\/808\/revisions"}],"predecessor-version":[{"id":820,"href":"https:\/\/www.jvdiana.de\/cm\/wp-json\/wp\/v2\/posts\/808\/revisions\/820"}],"wp:attachment":[{"href":"https:\/\/www.jvdiana.de\/cm\/wp-json\/wp\/v2\/media?parent=808"}],"wp:term":[{"taxonomy":"category","embeddable":true,"href":"https:\/\/www.jvdiana.de\/cm\/wp-json\/wp\/v2\/categories?post=808"},{"taxonomy":"post_tag","embeddable":true,"href":"https:\/\/www.jvdiana.de\/cm\/wp-json\/wp\/v2\/tags?post=808"}],"curies":[{"name":"wp","href":"https:\/\/api.w.org\/{rel}","templated":true}]}}