{"id":83,"date":"2019-05-29T15:30:33","date_gmt":"2019-05-29T13:30:33","guid":{"rendered":"http:\/\/www.jvdiana.de\/cm\/?p=83"},"modified":"2019-07-21T14:12:26","modified_gmt":"2019-07-21T12:12:26","slug":"jaegerschlag-2019","status":"publish","type":"post","link":"https:\/\/www.jvdiana.de\/cm\/2019\/05\/29\/jaegerschlag-2019\/","title":{"rendered":"J\u00e4gerschlag 2019"},"content":{"rendered":"\r\n<figure class=\"wp-block-image\">\r\n<div id=\"attachment_84\" style=\"width: 810px\" class=\"wp-caption alignnone\"><img loading=\"lazy\" decoding=\"async\" aria-describedby=\"caption-attachment-84\" class=\"wp-image-84\" src=\"http:\/\/www.jvdiana.de\/cm\/wp-content\/uploads\/2019\/07\/2019_jaegerschlag_klein.jpg\" alt=\"Vordere Reihe v. l. n. r.: J\u00fcrgen Manns (Naturschutz\/Jagdpraxis), Stefan R\u00f6hrig Ebersburg, Marcus Neuland Rimmels, Oliver Muth Burghaun, Thomas Schiffhauer Petersberg, Ralph Stadler Fulda, Sophia Kircher Leimbach, Sebastian Kircher Leimbach, Harald Bagus Fulda, Hintere Reihe v.l.n.r.: Roland Richter Wildtierkunde, Christoph Besse Jagdrecht, Joerg Hartmann Waffenkunde, Ludwig Glotzbach Wald- U. Landbau, Foto: Bernd Kircher\" width=\"800\" height=\"600\" srcset=\"https:\/\/www.jvdiana.de\/cm\/wp-content\/uploads\/2019\/07\/2019_jaegerschlag_klein.jpg 800w, https:\/\/www.jvdiana.de\/cm\/wp-content\/uploads\/2019\/07\/2019_jaegerschlag_klein-300x225.jpg 300w, https:\/\/www.jvdiana.de\/cm\/wp-content\/uploads\/2019\/07\/2019_jaegerschlag_klein-768x576.jpg 768w, https:\/\/www.jvdiana.de\/cm\/wp-content\/uploads\/2019\/07\/2019_jaegerschlag_klein-150x113.jpg 150w\" sizes=\"auto, (max-width: 800px) 100vw, 800px\" \/><p id=\"caption-attachment-84\" class=\"wp-caption-text\">Vordere Reihe v. l. n. r.: J\u00fcrgen Manns (Naturschutz\/Jagdpraxis), Stefan R\u00f6hrig Ebersburg, Marcus Neuland Rimmels, Oliver Muth Burghaun, Thomas Schiffhauer Petersberg, Ralph Stadler Fulda, Sophia Kircher Leimbach, Sebastian Kircher Leimbach, Harald Bagus Fulda, Hintere Reihe v.l.n.r.: Roland Richter Wildtierkunde, Christoph Besse Jagdrecht, Joerg Hartmann Waffenkunde, Ludwig Glotzbach Wald- U. Landbau, Foto: Bernd Kircher<\/p><\/div>\r\n<\/figure>\r\n\r\n\r\n\r\n<p>8 von 9 Lehrgangsteilnehmern des Jagdverein Diana H\u00fcnfeld haben sich f\u00fcr die Fr\u00fchjahrspr\u00fcfung entschieden und erfolgreich das gr\u00fcne Abitur, die J\u00e4gerpr\u00fcfung bestanden. Die Pr\u00fcfungen gliedern sich in die Schriftliche-, Praktisch-M\u00fcndliche-, sowie die Schie\u00dfpr\u00fcfung. Die Pr\u00fcfungsordnung erm\u00f6glicht es den Lehrgangsteilnehmern auch an der Herbstpr\u00fcfung 2019 teilzunehmen. Lehrgangsteilnehmer, die zur Fr\u00fchjahrspr\u00fcfung verhindert waren oder Pr\u00fcfungsteile nicht bestanden haben, k\u00f6nnen diese in der Herbstpr\u00fcfung nachholen. Nicht nur der Umgang mit- und die sichere Handhabung der Jagdwaffen und das Jagdrecht, sondern auch Kenntnisse \u00fcber die heimischen Wildtierarten, den Natur- \/ Tierschutz, die Hege und den Jagdbetrieb werden gepr\u00fcft. Der Hund als wichtigster Begleiter des J\u00e4gers sowie die Behandlung des erlegten Wildes und das Erkennen von Wildkrankheiten einschlie\u00dflich der Wildbret Hygiene sind weitere Pr\u00fcfungsinhalte. Die in den Jagdvereinen stattfindenden fast 1-j\u00e4hrigigen Kurse und die abschlie\u00dfenden Pr\u00fcfungen sollen die Pr\u00fcflinge gut vorbereitet auf die Aus\u00fcbung des Waidwerks ins J\u00e4gerleben entlassen.<br \/><br \/>Der Jagdverein DIANA H\u00fcnfeld e.V. bietet auch in 2019 \/ 2020 wieder einen Vorbereitungslehrgang zur Erlangung des ersten Jagd-scheines an. Der Lehrgang beginnt Mitte August 2019 und endet mit der Fr\u00fchjahrspr\u00fcfung im April \/ Mai 2020.<br \/><br \/>Interessenten k\u00f6nnen sich schon jetzt unter <a href=\"mailto:info@jv-diana.de\">info@jv-diana.de<\/a> anmelden. Dar\u00fcber hinaus wird ein Vorstellungsabend angeboten, zu dem sich Interessierte \u00fcber das Ausbilderteam, Lehrgangsinhalte, Lehrgangsabl\u00e4ufe, Kosten usw. informieren k\u00f6nnen. Der Termin f\u00fcr den Vorstellungsabend wird demn\u00e4chst in Printmedien und Online unter www.jv-diana.de bekannt gegeben.<\/p>\r\n\r\n\r\n\r\n<p>Interessenten erhalten schon jetzt weitere Informationen beim Lehrgangsleiter<br \/>Herrn Joerg Hartmann<br \/>Tel.:\u00a0\u00a0+49 151 466 13 126<br \/>E-Mail:\u00a0\u00a0 <a href=\"mailto:info@jv-diana.de\">info@jv-diana.de<\/a><br \/>Internet:\u00a0<a href=\"http:\/\/www.jv-diana.de\">http:\/\/www.jv-diana.de<\/a><\/p>\r\n","protected":false},"excerpt":{"rendered":"<p>8 von 9 Lehrgangsteilnehmern des Jagdverein Diana H\u00fcnfeld haben sich f\u00fcr die Fr\u00fchjahrspr\u00fcfung entschieden und erfolgreich das gr\u00fcne Abitur, die J\u00e4gerpr\u00fcfung bestanden. Die Pr\u00fcfungen gliedern sich in die Schriftliche-, Praktisch-M\u00fcndliche-, sowie die Schie\u00dfpr\u00fcfung. Die Pr\u00fcfungsordnung erm\u00f6glicht es den Lehrgangsteilnehmern auch an der Herbstpr\u00fcfung 2019 teilzunehmen. Lehrgangsteilnehmer, die zur Fr\u00fchjahrspr\u00fcfung verhindert&#8230;<\/p>\n<p> <a class=\"continue-reading-link\" href=\"https:\/\/www.jvdiana.de\/cm\/2019\/05\/29\/jaegerschlag-2019\/\"><span>Weiterlesen&#8230;<\/span><i class=\"crycon-right-dir\"><\/i><\/a> <\/p>\n","protected":false},"author":1,"featured_media":0,"comment_status":"closed","ping_status":"open","sticky":false,"template":"","format":"standard","meta":{"footnotes":""},"categories":[1,10],"tags":[],"class_list":["post-83","post","type-post","status-publish","format-standard","hentry","category-allgemein","category-jungjaeger"],"_links":{"self":[{"href":"https:\/\/www.jvdiana.de\/cm\/wp-json\/wp\/v2\/posts\/83","targetHints":{"allow":["GET"]}}],"collection":[{"href":"https:\/\/www.jvdiana.de\/cm\/wp-json\/wp\/v2\/posts"}],"about":[{"href":"https:\/\/www.jvdiana.de\/cm\/wp-json\/wp\/v2\/types\/post"}],"author":[{"embeddable":true,"href":"https:\/\/www.jvdiana.de\/cm\/wp-json\/wp\/v2\/users\/1"}],"replies":[{"embeddable":true,"href":"https:\/\/www.jvdiana.de\/cm\/wp-json\/wp\/v2\/comments?post=83"}],"version-history":[{"count":4,"href":"https:\/\/www.jvdiana.de\/cm\/wp-json\/wp\/v2\/posts\/83\/revisions"}],"predecessor-version":[{"id":232,"href":"https:\/\/www.jvdiana.de\/cm\/wp-json\/wp\/v2\/posts\/83\/revisions\/232"}],"wp:attachment":[{"href":"https:\/\/www.jvdiana.de\/cm\/wp-json\/wp\/v2\/media?parent=83"}],"wp:term":[{"taxonomy":"category","embeddable":true,"href":"https:\/\/www.jvdiana.de\/cm\/wp-json\/wp\/v2\/categories?post=83"},{"taxonomy":"post_tag","embeddable":true,"href":"https:\/\/www.jvdiana.de\/cm\/wp-json\/wp\/v2\/tags?post=83"}],"curies":[{"name":"wp","href":"https:\/\/api.w.org\/{rel}","templated":true}]}}