{"id":842,"date":"2019-11-13T20:26:51","date_gmt":"2019-11-13T19:26:51","guid":{"rendered":"https:\/\/www.jvdiana.de\/cm\/?p=842"},"modified":"2019-11-24T12:35:24","modified_gmt":"2019-11-24T11:35:24","slug":"jaehrliches-waidmannsheil-im-autohaus-sorg","status":"publish","type":"post","link":"https:\/\/www.jvdiana.de\/cm\/2019\/11\/13\/jaehrliches-waidmannsheil-im-autohaus-sorg\/","title":{"rendered":"J\u00e4hrliches Waidmannsheil im Autohaus Sorg"},"content":{"rendered":"<p><strong><span style=\"font-family: Ubuntu;\">Sorg Premium Cars GmbH und die JGV Rh\u00f6n-Vogelsberg e.V. laden zum \u201eJagdforum\u201c ein<\/span><\/strong><\/p>\n<p><img loading=\"lazy\" decoding=\"async\" class=\"alignnone size-large wp-image-851\" src=\"https:\/\/www.jvdiana.de\/cm\/wp-content\/uploads\/2019\/11\/Jagdforum_Sorg_Premium_Cars_28.11.2019_klein-1024x682.jpg\" alt=\"\" width=\"900\" height=\"599\" srcset=\"https:\/\/www.jvdiana.de\/cm\/wp-content\/uploads\/2019\/11\/Jagdforum_Sorg_Premium_Cars_28.11.2019_klein-1024x682.jpg 1024w, https:\/\/www.jvdiana.de\/cm\/wp-content\/uploads\/2019\/11\/Jagdforum_Sorg_Premium_Cars_28.11.2019_klein-300x200.jpg 300w, https:\/\/www.jvdiana.de\/cm\/wp-content\/uploads\/2019\/11\/Jagdforum_Sorg_Premium_Cars_28.11.2019_klein-768x511.jpg 768w, https:\/\/www.jvdiana.de\/cm\/wp-content\/uploads\/2019\/11\/Jagdforum_Sorg_Premium_Cars_28.11.2019_klein-150x100.jpg 150w, https:\/\/www.jvdiana.de\/cm\/wp-content\/uploads\/2019\/11\/Jagdforum_Sorg_Premium_Cars_28.11.2019_klein-1200x799.jpg 1200w, https:\/\/www.jvdiana.de\/cm\/wp-content\/uploads\/2019\/11\/Jagdforum_Sorg_Premium_Cars_28.11.2019_klein.jpg 1500w\" sizes=\"auto, (max-width: 900px) 100vw, 900px\" \/><\/p>\n<p><strong>Fulda. Alle Jahre wieder hei\u00dft es \u201eWaidmannsheil im Autohaus Sorg\u201c: Seit vielen Jahren hat das \u201eJagdforum\u201c im Autohaus Sorg Tradition. Sorg Premium Cars und die J\u00e4ger- und Gebrauchshundevereinigung Rh\u00f6n-Vogelsberg (JGV) e.V. laden regelm\u00e4\u00dfig im Herbst zum Event \u201eJagen und Land Rover\u201c mit renommierten Experten ein. Der Eintritt am Donnerstag, 28. November um 19 Uhr ist frei.<\/strong><\/p>\n<p>Unter dem Motto \u201eJagen &amp; Land Rover\u201c gibt sich die heimische J\u00e4gerschaft aus Rh\u00f6n und Vogelsberg ein Stelldichein: \u201eF\u00fcr J\u00e4ger sind unsere gel\u00e4ndeg\u00e4ngigen Fahrzeuge der Marke Land Rover wie geschaffen\u201c, erkl\u00e4rt Dr. Mascha Sorg, Gesch\u00e4ftsf\u00fchrerin von Sorg Premium Cars in Fulda, und f\u00fchrt weiter aus: \u201edeswegen freuen wir uns besonders, dass wir f\u00fcr diese Zielgruppe ein besonderes Event \u00fcber mittlerweile viele Jahre etablieren konnten.\u201c<\/p>\n<p>Auch in diesem Jahr wurde f\u00fcr \u201eJagen und Land Rover\u201c ein hochkar\u00e4tiger Referent gewonnen: <strong>Seeben Arjes<\/strong> ist Forstbeamter der Bundesforsten, passionierter J\u00e4ger, bekannter Ausbilder, Z\u00fcchter und F\u00fchrer Hannoverscher Schwei\u00dfhunde. Er ist Tierfotograf und Autor verschiedener Fachb\u00fccher \u00fcber J\u00e4gerausbildung, Hundezucht und Rotwild. In seinen Fachb\u00fcchern und belletristischen Ver\u00f6ffentlichungen setzt Arjes sich kompromisslos f\u00fcr tierschutzgerechtes Jagen ein und fordert ein neues Verst\u00e4ndnis zwischen Jagd und Gesellschaft. Er wehrt sich gegen Zeitgeist und Kommerz, die der traditionell waidgerechten Jagd im Wege stehen.<\/p>\n<p><strong><em>Im Autohaus Sorg referiert er nun zum Thema: \u201eHeutige Jagd im Spiegel der Gesellschaft.\u201c <\/em><\/strong><\/p>\n<p>\u201eDamit bieten wir auch in diesem Jahr wieder ein interessantes Impulsreferat, gespickt mit Praxiserfahrungen und wertvollen Tipps auch f\u00fcr erfahrene Waidm\u00e4nner\u201c, freut sich Benjamin Schrimpf, Verkaufsleiter bei Sorg Premium Cars und selbst J\u00e4ger.<\/p>\n<p>\u201eNeben dem inhaltlichen Teil steht nat\u00fcrlich das Zusammentreffen der heimischen J\u00e4gerschaft sowie die Diskussion und der Austausch miteinander im Mittelpunkt unserer gemeinsamen Veranstaltung im Autohaus Sorg\u201c, erg\u00e4nzt Dr. Rudolf Leinweber, Vorsitzender der JGV Rh\u00f6n-Vogelsberg e.V.<\/p>\n<p>Abgerundet wird die Veranstaltung durch die Pr\u00e4sentation der \u2013 nicht nur wegen ihrer legend\u00e4ren Gel\u00e4ndeg\u00e4ngigkeit \u2013 f\u00fcr J\u00e4ger pr\u00e4destinierten Land Rover und Range Rover Modelle. Die m\u00f6gliche Teilnehmerzahl ist begrenzt und eine Anmeldung n\u00f6tig. Interessenten k\u00f6nnen sich per E-Mail (<a href=\"mailto:benjamin.schrimpf@sorg-gruppe.de\">benjamin.schrimpf@sorg-gruppe.de<\/a>) zur Veranstaltung mit dem <a href=\"https:\/\/www.jvdiana.de\/cm\/wp-content\/uploads\/2019\/11\/rueckmeldung_jaegerforum_sorg.pdf\">Anmeldebogen<\/a> anmelden. F\u00fcr das leibliche Wohl sorgen bereits ab 18 Uhr wilde Spezialit\u00e4ten aus dem Wallrother Bauerngarten.<\/p>\n","protected":false},"excerpt":{"rendered":"<p>Sorg Premium Cars GmbH und die JGV Rh\u00f6n-Vogelsberg e.V. laden zum \u201eJagdforum\u201c ein Fulda. Alle Jahre wieder hei\u00dft es \u201eWaidmannsheil im Autohaus Sorg\u201c: Seit vielen Jahren hat das \u201eJagdforum\u201c im Autohaus Sorg Tradition. Sorg Premium Cars und die J\u00e4ger- und Gebrauchshundevereinigung Rh\u00f6n-Vogelsberg (JGV) e.V. laden regelm\u00e4\u00dfig im Herbst zum Event&#8230;<\/p>\n<p> <a class=\"continue-reading-link\" href=\"https:\/\/www.jvdiana.de\/cm\/2019\/11\/13\/jaehrliches-waidmannsheil-im-autohaus-sorg\/\"><span>Weiterlesen&#8230;<\/span><i class=\"crycon-right-dir\"><\/i><\/a> <\/p>\n","protected":false},"author":1,"featured_media":0,"comment_status":"closed","ping_status":"open","sticky":false,"template":"","format":"standard","meta":{"footnotes":""},"categories":[1,17],"tags":[],"class_list":["post-842","post","type-post","status-publish","format-standard","hentry","category-allgemein","category-veranstaltungen"],"_links":{"self":[{"href":"https:\/\/www.jvdiana.de\/cm\/wp-json\/wp\/v2\/posts\/842","targetHints":{"allow":["GET"]}}],"collection":[{"href":"https:\/\/www.jvdiana.de\/cm\/wp-json\/wp\/v2\/posts"}],"about":[{"href":"https:\/\/www.jvdiana.de\/cm\/wp-json\/wp\/v2\/types\/post"}],"author":[{"embeddable":true,"href":"https:\/\/www.jvdiana.de\/cm\/wp-json\/wp\/v2\/users\/1"}],"replies":[{"embeddable":true,"href":"https:\/\/www.jvdiana.de\/cm\/wp-json\/wp\/v2\/comments?post=842"}],"version-history":[{"count":4,"href":"https:\/\/www.jvdiana.de\/cm\/wp-json\/wp\/v2\/posts\/842\/revisions"}],"predecessor-version":[{"id":852,"href":"https:\/\/www.jvdiana.de\/cm\/wp-json\/wp\/v2\/posts\/842\/revisions\/852"}],"wp:attachment":[{"href":"https:\/\/www.jvdiana.de\/cm\/wp-json\/wp\/v2\/media?parent=842"}],"wp:term":[{"taxonomy":"category","embeddable":true,"href":"https:\/\/www.jvdiana.de\/cm\/wp-json\/wp\/v2\/categories?post=842"},{"taxonomy":"post_tag","embeddable":true,"href":"https:\/\/www.jvdiana.de\/cm\/wp-json\/wp\/v2\/tags?post=842"}],"curies":[{"name":"wp","href":"https:\/\/api.w.org\/{rel}","templated":true}]}}