{"id":853,"date":"2019-11-28T10:09:10","date_gmt":"2019-11-28T09:09:10","guid":{"rendered":"https:\/\/www.jvdiana.de\/cm\/?p=853"},"modified":"2019-11-28T22:02:02","modified_gmt":"2019-11-28T21:02:02","slug":"jungjaegerausbilder-roland-richter-verabschiedet","status":"publish","type":"post","link":"https:\/\/www.jvdiana.de\/cm\/2019\/11\/28\/jungjaegerausbilder-roland-richter-verabschiedet\/","title":{"rendered":"Jungj\u00e4gerausbilder Roland Richter verabschiedet"},"content":{"rendered":"<div id=\"attachment_854\" style=\"width: 910px\" class=\"wp-caption alignnone\"><img loading=\"lazy\" decoding=\"async\" aria-describedby=\"caption-attachment-854\" class=\"size-large wp-image-854\" src=\"https:\/\/www.jvdiana.de\/cm\/wp-content\/uploads\/2019\/11\/verabschiedung_roland_richter-1024x768.jpg\" alt=\"Von links: 1. Vorsitzender Patrick Figge, Claudia Richter, Roland Richter, 2. Vorsitzende Astrid Schneider-Heil\" width=\"900\" height=\"675\" srcset=\"https:\/\/www.jvdiana.de\/cm\/wp-content\/uploads\/2019\/11\/verabschiedung_roland_richter-1024x768.jpg 1024w, https:\/\/www.jvdiana.de\/cm\/wp-content\/uploads\/2019\/11\/verabschiedung_roland_richter-300x225.jpg 300w, https:\/\/www.jvdiana.de\/cm\/wp-content\/uploads\/2019\/11\/verabschiedung_roland_richter-768x576.jpg 768w, https:\/\/www.jvdiana.de\/cm\/wp-content\/uploads\/2019\/11\/verabschiedung_roland_richter-1536x1152.jpg 1536w, https:\/\/www.jvdiana.de\/cm\/wp-content\/uploads\/2019\/11\/verabschiedung_roland_richter-2048x1536.jpg 2048w, https:\/\/www.jvdiana.de\/cm\/wp-content\/uploads\/2019\/11\/verabschiedung_roland_richter-150x113.jpg 150w, https:\/\/www.jvdiana.de\/cm\/wp-content\/uploads\/2019\/11\/verabschiedung_roland_richter-1200x900.jpg 1200w\" sizes=\"auto, (max-width: 900px) 100vw, 900px\" \/><p id=\"caption-attachment-854\" class=\"wp-caption-text\">Von links: 1. Vorsitzender Patrick Figge, Claudia Richter, Roland Richter, 2. Vorsitzende Astrid Schneider-Heil<\/p><\/div>\n<p>Der Jagdverein Diana H\u00fcnfeld hat Roland Richter nach 12j\u00e4hriger T\u00e4tigkeit als Jungj\u00e4gerausbilder im Rahmen einer Feierstunde verabschiedet. Roland Richter nebst seiner Frau Claudia folgten der Einladung des Vorstandes und trafen sich am 21.11.2019 im Gasthof Sch\u00fctzenhof in H\u00fcnfeld. Richter hatte in 2007 das umfangreichste aller Unterrichtsf\u00e4cher der Jungj\u00e4gerausbildung, die Wildtierkunde von Klaus Wolf \u00fcbernommen. Auch die Ausbildung zur kundigen Person in Wildbrethygiene hatte Richter inne und konnte sein breites Fachwissen im Laufe der Jahre an weit \u00fcber 100 Sch\u00fcler vermitteln. Durch Exkursionen in den Wildpark Gersfeld oder auch der Teilnahme an Dr\u00fcckjagden vermittelte Richter stets auch Praxiswissen. In den Jungj\u00e4gerkursen war Richter bekannt f\u00fcr seine Sachkenntnis, sein p\u00e4dagogisches Einf\u00fchlungsverm\u00f6gen und nicht zuletzt den ein oder anderen Tipp zur Zubereitung von Wildbret. Der Zusammenhalt des Jungj\u00e4gerkurses war ihm eine Herzensangelegenheit. 1. Vorsitzender Patrick Figge dankte Roland Richter im Namen des gesamten Jagdvereins und den Jungj\u00e4gern f\u00fcr sein langj\u00e4hriges Engagement, die geleistete Arbeit und das eingebrachte Herzblut. Ein weiterer Dank galt seiner Frau Claudia, die in den letzten Jahren auf viel gemeinsame Zeit mit Ihrem Ehemann &#8211; zugunsten des Jagdvereins &#8211; verzichten musste. Seinem Wunsch, zuk\u00fcnftig mehr Zeit mit Ihr zu verbringen, wird er nun nachkommen k\u00f6nnen.<\/p>\n","protected":false},"excerpt":{"rendered":"<p>Der Jagdverein Diana H\u00fcnfeld hat Roland Richter nach 12j\u00e4hriger T\u00e4tigkeit als Jungj\u00e4gerausbilder im Rahmen einer Feierstunde verabschiedet. Roland Richter nebst seiner Frau Claudia folgten der Einladung des Vorstandes und trafen sich am 21.11.2019 im Gasthof Sch\u00fctzenhof in H\u00fcnfeld. Richter hatte in 2007 das umfangreichste aller Unterrichtsf\u00e4cher der Jungj\u00e4gerausbildung, die Wildtierkunde&#8230;<\/p>\n<p> <a class=\"continue-reading-link\" href=\"https:\/\/www.jvdiana.de\/cm\/2019\/11\/28\/jungjaegerausbilder-roland-richter-verabschiedet\/\"><span>Weiterlesen&#8230;<\/span><i class=\"crycon-right-dir\"><\/i><\/a> <\/p>\n","protected":false},"author":1,"featured_media":0,"comment_status":"closed","ping_status":"open","sticky":false,"template":"","format":"standard","meta":{"footnotes":""},"categories":[1,10],"tags":[],"class_list":["post-853","post","type-post","status-publish","format-standard","hentry","category-allgemein","category-jungjaeger"],"_links":{"self":[{"href":"https:\/\/www.jvdiana.de\/cm\/wp-json\/wp\/v2\/posts\/853","targetHints":{"allow":["GET"]}}],"collection":[{"href":"https:\/\/www.jvdiana.de\/cm\/wp-json\/wp\/v2\/posts"}],"about":[{"href":"https:\/\/www.jvdiana.de\/cm\/wp-json\/wp\/v2\/types\/post"}],"author":[{"embeddable":true,"href":"https:\/\/www.jvdiana.de\/cm\/wp-json\/wp\/v2\/users\/1"}],"replies":[{"embeddable":true,"href":"https:\/\/www.jvdiana.de\/cm\/wp-json\/wp\/v2\/comments?post=853"}],"version-history":[{"count":3,"href":"https:\/\/www.jvdiana.de\/cm\/wp-json\/wp\/v2\/posts\/853\/revisions"}],"predecessor-version":[{"id":857,"href":"https:\/\/www.jvdiana.de\/cm\/wp-json\/wp\/v2\/posts\/853\/revisions\/857"}],"wp:attachment":[{"href":"https:\/\/www.jvdiana.de\/cm\/wp-json\/wp\/v2\/media?parent=853"}],"wp:term":[{"taxonomy":"category","embeddable":true,"href":"https:\/\/www.jvdiana.de\/cm\/wp-json\/wp\/v2\/categories?post=853"},{"taxonomy":"post_tag","embeddable":true,"href":"https:\/\/www.jvdiana.de\/cm\/wp-json\/wp\/v2\/tags?post=853"}],"curies":[{"name":"wp","href":"https:\/\/api.w.org\/{rel}","templated":true}]}}