{"id":898,"date":"2020-01-22T22:18:51","date_gmt":"2020-01-22T21:18:51","guid":{"rendered":"https:\/\/www.jvdiana.de\/cm\/?p=898"},"modified":"2020-01-22T22:18:51","modified_gmt":"2020-01-22T21:18:51","slug":"passt-der-wolf-in-unsere-kulturlandschaft","status":"publish","type":"post","link":"https:\/\/www.jvdiana.de\/cm\/2020\/01\/22\/passt-der-wolf-in-unsere-kulturlandschaft\/","title":{"rendered":"Passt der Wolf in unsere Kulturlandschaft?"},"content":{"rendered":"<div id=\"attachment_899\" style=\"width: 910px\" class=\"wp-caption alignnone\"><img loading=\"lazy\" decoding=\"async\" aria-describedby=\"caption-attachment-899\" class=\"size-large wp-image-899\" src=\"https:\/\/www.jvdiana.de\/cm\/wp-content\/uploads\/2020\/01\/DJV_Rolfes_Wolf_WR111254-1024x681.jpg\" alt=\"Bild: Rolfes \/ DJV\" width=\"900\" height=\"599\" srcset=\"https:\/\/www.jvdiana.de\/cm\/wp-content\/uploads\/2020\/01\/DJV_Rolfes_Wolf_WR111254-1024x681.jpg 1024w, https:\/\/www.jvdiana.de\/cm\/wp-content\/uploads\/2020\/01\/DJV_Rolfes_Wolf_WR111254-300x200.jpg 300w, https:\/\/www.jvdiana.de\/cm\/wp-content\/uploads\/2020\/01\/DJV_Rolfes_Wolf_WR111254-768x511.jpg 768w, https:\/\/www.jvdiana.de\/cm\/wp-content\/uploads\/2020\/01\/DJV_Rolfes_Wolf_WR111254-1536x1022.jpg 1536w, https:\/\/www.jvdiana.de\/cm\/wp-content\/uploads\/2020\/01\/DJV_Rolfes_Wolf_WR111254-2048x1362.jpg 2048w, https:\/\/www.jvdiana.de\/cm\/wp-content\/uploads\/2020\/01\/DJV_Rolfes_Wolf_WR111254-150x100.jpg 150w, https:\/\/www.jvdiana.de\/cm\/wp-content\/uploads\/2020\/01\/DJV_Rolfes_Wolf_WR111254-1200x798.jpg 1200w\" sizes=\"auto, (max-width: 900px) 100vw, 900px\" \/><p id=\"caption-attachment-899\" class=\"wp-caption-text\">Bild: Rolfes \/ DJV<\/p><\/div>\n<p><strong>Vortragsveranstaltung der J\u00e4gervereinigung Oberhessen e.V. mit Fachleuten<\/strong><br \/>\n<strong>und anschlie\u00dfender Diskussion<\/strong><br \/>\n<strong><br \/>\nWann: Dienstag, den 11. Februar 2020, 19.00 Uhr<br \/>\nWo: <\/strong><strong>Gallushalle Gr\u00fcnberg<\/strong><\/p>\n<p><a href=\"https:\/\/www.jvdiana.de\/cm\/wp-content\/uploads\/2020\/01\/einladung_vortrag_wolf.pdf\">Flyer Veranstaltung (*.pdf)<\/a><\/p>\n<p><strong>Referenten:<\/strong><br \/>\nProf. Dr. Hans-Dieter Pfannenstiel<br \/>\nProfessor f\u00fcr Zoologie an der Freien Universit\u00e4t Berlin a.D.<\/p>\n<p><strong>Thema:<\/strong><br \/>\nPasst der Wolf in unsere Kulturlandschaft?<br \/>\nUwe M\u00fcller, ehemaliger Rissgutachter f\u00fcr Th\u00fcringen<\/p>\n<p><strong>Themen:<\/strong><br \/>\nVerbreitung, Populationsentwicklung, Monitoring,<br \/>\nRissgeschehen und Rissbegutachtung, Umgang der Politik<br \/>\nmit dem Thema \u201eWolf\u201c<\/p>\n","protected":false},"excerpt":{"rendered":"<p>Vortragsveranstaltung der J\u00e4gervereinigung Oberhessen e.V. mit Fachleuten und anschlie\u00dfender Diskussion Wann: Dienstag, den 11. Februar 2020, 19.00 Uhr Wo: Gallushalle Gr\u00fcnberg Flyer Veranstaltung (*.pdf) Referenten: Prof. Dr. Hans-Dieter Pfannenstiel Professor f\u00fcr Zoologie an der Freien Universit\u00e4t Berlin a.D. Thema: Passt der Wolf in unsere Kulturlandschaft? Uwe M\u00fcller, ehemaliger Rissgutachter f\u00fcr&#8230;<\/p>\n<p> <a class=\"continue-reading-link\" href=\"https:\/\/www.jvdiana.de\/cm\/2020\/01\/22\/passt-der-wolf-in-unsere-kulturlandschaft\/\"><span>Weiterlesen&#8230;<\/span><i class=\"crycon-right-dir\"><\/i><\/a> <\/p>\n","protected":false},"author":1,"featured_media":0,"comment_status":"closed","ping_status":"open","sticky":false,"template":"","format":"standard","meta":{"footnotes":""},"categories":[1,17,19],"tags":[],"class_list":["post-898","post","type-post","status-publish","format-standard","hentry","category-allgemein","category-veranstaltungen","category-wissenswertes"],"_links":{"self":[{"href":"https:\/\/www.jvdiana.de\/cm\/wp-json\/wp\/v2\/posts\/898","targetHints":{"allow":["GET"]}}],"collection":[{"href":"https:\/\/www.jvdiana.de\/cm\/wp-json\/wp\/v2\/posts"}],"about":[{"href":"https:\/\/www.jvdiana.de\/cm\/wp-json\/wp\/v2\/types\/post"}],"author":[{"embeddable":true,"href":"https:\/\/www.jvdiana.de\/cm\/wp-json\/wp\/v2\/users\/1"}],"replies":[{"embeddable":true,"href":"https:\/\/www.jvdiana.de\/cm\/wp-json\/wp\/v2\/comments?post=898"}],"version-history":[{"count":1,"href":"https:\/\/www.jvdiana.de\/cm\/wp-json\/wp\/v2\/posts\/898\/revisions"}],"predecessor-version":[{"id":901,"href":"https:\/\/www.jvdiana.de\/cm\/wp-json\/wp\/v2\/posts\/898\/revisions\/901"}],"wp:attachment":[{"href":"https:\/\/www.jvdiana.de\/cm\/wp-json\/wp\/v2\/media?parent=898"}],"wp:term":[{"taxonomy":"category","embeddable":true,"href":"https:\/\/www.jvdiana.de\/cm\/wp-json\/wp\/v2\/categories?post=898"},{"taxonomy":"post_tag","embeddable":true,"href":"https:\/\/www.jvdiana.de\/cm\/wp-json\/wp\/v2\/tags?post=898"}],"curies":[{"name":"wp","href":"https:\/\/api.w.org\/{rel}","templated":true}]}}