{"id":942,"date":"2020-03-12T22:43:43","date_gmt":"2020-03-12T21:43:43","guid":{"rendered":"https:\/\/www.jvdiana.de\/cm\/?p=942"},"modified":"2020-03-14T17:46:03","modified_gmt":"2020-03-14T16:46:03","slug":"absage-der-jahreshauptversammlung-am-31-03-2020","status":"publish","type":"post","link":"https:\/\/www.jvdiana.de\/cm\/2020\/03\/12\/absage-der-jahreshauptversammlung-am-31-03-2020\/","title":{"rendered":"Absage der Jahreshauptversammlung am 31.03.2020"},"content":{"rendered":"<div id=\"attachment_944\" style=\"width: 490px\" class=\"wp-caption alignnone\"><img loading=\"lazy\" decoding=\"async\" aria-describedby=\"caption-attachment-944\" class=\"wp-image-944 size-full\" src=\"https:\/\/www.jvdiana.de\/cm\/wp-content\/uploads\/2020\/03\/coronavirus_arek_socha_pixabay.jpg\" alt=\"Bild: Arek Socha Pixabay\" width=\"480\" height=\"240\" srcset=\"https:\/\/www.jvdiana.de\/cm\/wp-content\/uploads\/2020\/03\/coronavirus_arek_socha_pixabay.jpg 480w, https:\/\/www.jvdiana.de\/cm\/wp-content\/uploads\/2020\/03\/coronavirus_arek_socha_pixabay-300x150.jpg 300w, https:\/\/www.jvdiana.de\/cm\/wp-content\/uploads\/2020\/03\/coronavirus_arek_socha_pixabay-150x75.jpg 150w\" sizes=\"auto, (max-width: 480px) 100vw, 480px\" \/><p id=\"caption-attachment-944\" class=\"wp-caption-text\">Coronavirus &#8211; Bild: Arek Socha Pixabay<\/p><\/div>\n<p>Aufgrund der momentanen Situation (Coronavirus), wird die Jahreshauptversammlung des Jagdverein Diana H\u00fcnfeld e.V. am Dienstag, den 31. M\u00e4rz, auf einen sp\u00e4teren, derzeit noch unbekannten Termin verschoben. Es handelt sich hierbei um eine reine Vorsichtsma\u00dfnahme. In Ihren Empfehlungen vom 12.03.2020 haben Landrat Woide und B\u00fcrgermeister Schwenk allen kommunalen und anderen Veranstaltern dringend geraten, auf jegliche Veranstaltungen, die zum gegenw\u00e4rtigen Zeitpunkt nicht zwingend stattfinden m\u00fcssen, zu verzichten. Damit kann auch der Jagdverein einen Beitrag zur Verlangsamung der Ausbreitung des Virus leisten. Einen neuen Termin wird der Jagdverein rechtzeitig \u00fcber die bekannten Kan\u00e4le (Lokale Presse, Homepage, Facebook) mitteilen.<\/p>\n","protected":false},"excerpt":{"rendered":"<p>Aufgrund der momentanen Situation (Coronavirus), wird die Jahreshauptversammlung des Jagdverein Diana H\u00fcnfeld e.V. am Dienstag, den 31. M\u00e4rz, auf einen sp\u00e4teren, derzeit noch unbekannten Termin verschoben. Es handelt sich hierbei um eine reine Vorsichtsma\u00dfnahme. In Ihren Empfehlungen vom 12.03.2020 haben Landrat Woide und B\u00fcrgermeister Schwenk allen kommunalen und anderen Veranstaltern&#8230;<\/p>\n<p> <a class=\"continue-reading-link\" href=\"https:\/\/www.jvdiana.de\/cm\/2020\/03\/12\/absage-der-jahreshauptversammlung-am-31-03-2020\/\"><span>Weiterlesen&#8230;<\/span><i class=\"crycon-right-dir\"><\/i><\/a> <\/p>\n","protected":false},"author":1,"featured_media":0,"comment_status":"closed","ping_status":"open","sticky":false,"template":"","format":"standard","meta":{"footnotes":""},"categories":[1,17,19],"tags":[],"class_list":["post-942","post","type-post","status-publish","format-standard","hentry","category-allgemein","category-veranstaltungen","category-wissenswertes"],"_links":{"self":[{"href":"https:\/\/www.jvdiana.de\/cm\/wp-json\/wp\/v2\/posts\/942","targetHints":{"allow":["GET"]}}],"collection":[{"href":"https:\/\/www.jvdiana.de\/cm\/wp-json\/wp\/v2\/posts"}],"about":[{"href":"https:\/\/www.jvdiana.de\/cm\/wp-json\/wp\/v2\/types\/post"}],"author":[{"embeddable":true,"href":"https:\/\/www.jvdiana.de\/cm\/wp-json\/wp\/v2\/users\/1"}],"replies":[{"embeddable":true,"href":"https:\/\/www.jvdiana.de\/cm\/wp-json\/wp\/v2\/comments?post=942"}],"version-history":[{"count":3,"href":"https:\/\/www.jvdiana.de\/cm\/wp-json\/wp\/v2\/posts\/942\/revisions"}],"predecessor-version":[{"id":946,"href":"https:\/\/www.jvdiana.de\/cm\/wp-json\/wp\/v2\/posts\/942\/revisions\/946"}],"wp:attachment":[{"href":"https:\/\/www.jvdiana.de\/cm\/wp-json\/wp\/v2\/media?parent=942"}],"wp:term":[{"taxonomy":"category","embeddable":true,"href":"https:\/\/www.jvdiana.de\/cm\/wp-json\/wp\/v2\/categories?post=942"},{"taxonomy":"post_tag","embeddable":true,"href":"https:\/\/www.jvdiana.de\/cm\/wp-json\/wp\/v2\/tags?post=942"}],"curies":[{"name":"wp","href":"https:\/\/api.w.org\/{rel}","templated":true}]}}